{"id":13103,"date":"2019-06-21T08:08:34","date_gmt":"2019-06-21T08:08:34","guid":{"rendered":"http:\/\/blogdorogeriogomes.com.br\/?p=13103"},"modified":"2019-06-21T08:08:34","modified_gmt":"2019-06-21T08:08:34","slug":"al-aprova-mensagem-que-disciplina-gratificacao-para-professores-estaduais","status":"publish","type":"post","link":"https:\/\/blogdorogeriogomes.com.br\/noticias\/2019\/06\/al-aprova-mensagem-que-disciplina-gratificacao-para-professores-estaduais\/","title":{"rendered":"AL aprova mensagem que disciplina gratifica\u00e7\u00e3o para professores estaduais"},"content":{"rendered":"<p><img loading=\"lazy\" decoding=\"async\" class=\"alignnone size-medium wp-image-13104\" src=\"http:\/\/blogdorogeriogomes.com.br\/wp-content\/uploads\/2019\/06\/IMG_20190621_050443_607-300x205.jpg\" alt=\"IMG_20190621_050443_607\" width=\"300\" height=\"205\" srcset=\"https:\/\/blogdorogeriogomes.com.br\/noticias\/wp-content\/uploads\/2019\/06\/IMG_20190621_050443_607-300x205.jpg 300w, https:\/\/blogdorogeriogomes.com.br\/noticias\/wp-content\/uploads\/2019\/06\/IMG_20190621_050443_607.jpg 661w\" sizes=\"auto, (max-width: 300px) 100vw, 300px\" \/><\/p>\n<p>A Assembleia Legislativa do Cear\u00e1 aprovou, nesta quarta-feira, dia 19 de junho, a mensagem do Governo Estadual que disciplina a incorpora\u00e7\u00e3o integral da gratifica\u00e7\u00e3o por efetiva reg\u00eancia de classe na aposentadoria de professores do Grupo MAG\/Seduc. O objetivo de evitar preju\u00edzo remunerat\u00f3rio aos professores do Grupo MAG, da Secretaria da Educa\u00e7\u00e3o do Estado, prop\u00f5e-se a cria\u00e7\u00e3o de disciplina espec\u00edfica para a incorpora\u00e7\u00e3o aos proventos de aposentadoria da Gratifica\u00e7\u00e3o por Efetiva Reg\u00eancia de Classe. Ap\u00f3s a aprova\u00e7\u00e3o, a lei segue para a san\u00e7\u00e3o do governador Camilo Santana.<br \/>\nA mensagem \u00e9 mais uma iniciativa do Governo do Cear\u00e1 como parte de uma pol\u00edtica de valoriza\u00e7\u00e3o do magist\u00e9rio estadual. Ser\u00e3o beneficiados mais de 5 mil professores. A mensagem aprovada permite ao docente a incorpora\u00e7\u00e3o na aposentadoria da gratifica\u00e7\u00e3o pelo \u00faltimo percentual recebido em atividade.<\/p>\n","protected":false},"excerpt":{"rendered":"<p>A Assembleia Legislativa do Cear\u00e1 aprovou, nesta quarta-feira, dia 19 de junho, a mensagem do Governo Estadual que disciplina a incorpora\u00e7\u00e3o integral da gratifica\u00e7\u00e3o por efetiva reg\u00eancia de classe na aposentadoria de professores do Grupo MAG\/Seduc. O objetivo de evitar preju\u00edzo remunerat\u00f3rio aos professores do Grupo MAG, da Secretaria da Educa\u00e7\u00e3o do Estado, prop\u00f5e-se a cria\u00e7\u00e3o de disciplina espec\u00edfica para a incorpora\u00e7\u00e3o aos proventos de aposentadoria da Gratifica\u00e7\u00e3o por Efetiva Reg\u00eancia de Classe. Ap\u00f3s a aprova\u00e7\u00e3o, a lei segue&hellip;<\/p>\n","protected":false},"author":1,"featured_media":0,"comment_status":"open","ping_status":"open","sticky":false,"template":"","format":"standard","meta":{"footnotes":""},"categories":[1],"tags":[],"class_list":["post-13103","post","type-post","status-publish","format-standard","hentry","category-noticias"],"_links":{"self":[{"href":"https:\/\/blogdorogeriogomes.com.br\/noticias\/wp-json\/wp\/v2\/posts\/13103","targetHints":{"allow":["GET"]}}],"collection":[{"href":"https:\/\/blogdorogeriogomes.com.br\/noticias\/wp-json\/wp\/v2\/posts"}],"about":[{"href":"https:\/\/blogdorogeriogomes.com.br\/noticias\/wp-json\/wp\/v2\/types\/post"}],"author":[{"embeddable":true,"href":"https:\/\/blogdorogeriogomes.com.br\/noticias\/wp-json\/wp\/v2\/users\/1"}],"replies":[{"embeddable":true,"href":"https:\/\/blogdorogeriogomes.com.br\/noticias\/wp-json\/wp\/v2\/comments?post=13103"}],"version-history":[{"count":1,"href":"https:\/\/blogdorogeriogomes.com.br\/noticias\/wp-json\/wp\/v2\/posts\/13103\/revisions"}],"predecessor-version":[{"id":13105,"href":"https:\/\/blogdorogeriogomes.com.br\/noticias\/wp-json\/wp\/v2\/posts\/13103\/revisions\/13105"}],"wp:attachment":[{"href":"https:\/\/blogdorogeriogomes.com.br\/noticias\/wp-json\/wp\/v2\/media?parent=13103"}],"wp:term":[{"taxonomy":"category","embeddable":true,"href":"https:\/\/blogdorogeriogomes.com.br\/noticias\/wp-json\/wp\/v2\/categories?post=13103"},{"taxonomy":"post_tag","embeddable":true,"href":"https:\/\/blogdorogeriogomes.com.br\/noticias\/wp-json\/wp\/v2\/tags?post=13103"}],"curies":[{"name":"wp","href":"https:\/\/api.w.org\/{rel}","templated":true}]}}