{"id":13109,"date":"2019-06-21T21:53:30","date_gmt":"2019-06-21T21:53:30","guid":{"rendered":"http:\/\/blogdorogeriogomes.com.br\/?p=13109"},"modified":"2019-06-21T21:53:30","modified_gmt":"2019-06-21T21:53:30","slug":"acordo-garante-que-fortaleza-tera-dois-voos-semanais-para-madri","status":"publish","type":"post","link":"https:\/\/blogdorogeriogomes.com.br\/noticias\/2019\/06\/acordo-garante-que-fortaleza-tera-dois-voos-semanais-para-madri\/","title":{"rendered":"Acordo garante que Fortaleza ter\u00e1 dois voos semanais para Madri"},"content":{"rendered":"<p><img loading=\"lazy\" decoding=\"async\" class=\"alignnone size-medium wp-image-13110\" src=\"http:\/\/blogdorogeriogomes.com.br\/wp-content\/uploads\/2019\/06\/IMG_20190621_184910_312-300x225.jpg\" alt=\"IMG_20190621_184910_312\" width=\"300\" height=\"225\" srcset=\"https:\/\/blogdorogeriogomes.com.br\/noticias\/wp-content\/uploads\/2019\/06\/IMG_20190621_184910_312-300x225.jpg 300w, https:\/\/blogdorogeriogomes.com.br\/noticias\/wp-content\/uploads\/2019\/06\/IMG_20190621_184910_312-768x576.jpg 768w, https:\/\/blogdorogeriogomes.com.br\/noticias\/wp-content\/uploads\/2019\/06\/IMG_20190621_184910_312-1024x768.jpg 1024w, https:\/\/blogdorogeriogomes.com.br\/noticias\/wp-content\/uploads\/2019\/06\/IMG_20190621_184910_312.jpg 1200w\" sizes=\"auto, (max-width: 300px) 100vw, 300px\" \/><\/p>\n<p>O governador do Cear\u00e1, Camilo Santana, assinou nesta sexta-feira, dia 21 de junho, em Madri, na Espanha, acordo com o Grupo Globalia para a realiza\u00e7\u00e3o de dois voos diretos por semana entre o Cear\u00e1 e a capital espanhola. Os voos, que ser\u00e3o realizados pela empresa Air Europa, iniciam no dia 1\u00ba de dezembro. As vendas dos bilhetes devem come\u00e7ar ainda este m\u00eas.<br \/>\nO acordo foi assinado com o presidente do Grupo Globalia, Juan Jos\u00e9 Hidaldo. Durante o encontro, os dois ainda discutiram sobre outros projetos importantes para impulsionar o turismo no Cear\u00e1, inclusive no ramo da hotelaria e na inova\u00e7\u00e3o.<\/p>\n","protected":false},"excerpt":{"rendered":"<p>O governador do Cear\u00e1, Camilo Santana, assinou nesta sexta-feira, dia 21 de junho, em Madri, na Espanha, acordo com o Grupo Globalia para a realiza\u00e7\u00e3o de dois voos diretos por semana entre o Cear\u00e1 e a capital espanhola. Os voos, que ser\u00e3o realizados pela empresa Air Europa, iniciam no dia 1\u00ba de dezembro. As vendas dos bilhetes devem come\u00e7ar ainda este m\u00eas. O acordo foi assinado com o presidente do Grupo Globalia, Juan Jos\u00e9 Hidaldo. Durante o encontro, os&hellip;<\/p>\n","protected":false},"author":1,"featured_media":0,"comment_status":"open","ping_status":"open","sticky":false,"template":"","format":"standard","meta":{"footnotes":""},"categories":[1],"tags":[],"class_list":["post-13109","post","type-post","status-publish","format-standard","hentry","category-noticias"],"_links":{"self":[{"href":"https:\/\/blogdorogeriogomes.com.br\/noticias\/wp-json\/wp\/v2\/posts\/13109","targetHints":{"allow":["GET"]}}],"collection":[{"href":"https:\/\/blogdorogeriogomes.com.br\/noticias\/wp-json\/wp\/v2\/posts"}],"about":[{"href":"https:\/\/blogdorogeriogomes.com.br\/noticias\/wp-json\/wp\/v2\/types\/post"}],"author":[{"embeddable":true,"href":"https:\/\/blogdorogeriogomes.com.br\/noticias\/wp-json\/wp\/v2\/users\/1"}],"replies":[{"embeddable":true,"href":"https:\/\/blogdorogeriogomes.com.br\/noticias\/wp-json\/wp\/v2\/comments?post=13109"}],"version-history":[{"count":1,"href":"https:\/\/blogdorogeriogomes.com.br\/noticias\/wp-json\/wp\/v2\/posts\/13109\/revisions"}],"predecessor-version":[{"id":13111,"href":"https:\/\/blogdorogeriogomes.com.br\/noticias\/wp-json\/wp\/v2\/posts\/13109\/revisions\/13111"}],"wp:attachment":[{"href":"https:\/\/blogdorogeriogomes.com.br\/noticias\/wp-json\/wp\/v2\/media?parent=13109"}],"wp:term":[{"taxonomy":"category","embeddable":true,"href":"https:\/\/blogdorogeriogomes.com.br\/noticias\/wp-json\/wp\/v2\/categories?post=13109"},{"taxonomy":"post_tag","embeddable":true,"href":"https:\/\/blogdorogeriogomes.com.br\/noticias\/wp-json\/wp\/v2\/tags?post=13109"}],"curies":[{"name":"wp","href":"https:\/\/api.w.org\/{rel}","templated":true}]}}