{"id":13115,"date":"2019-06-24T09:05:30","date_gmt":"2019-06-24T09:05:30","guid":{"rendered":"http:\/\/blogdorogeriogomes.com.br\/?p=13115"},"modified":"2019-06-24T09:05:30","modified_gmt":"2019-06-24T09:05:30","slug":"novo-check-in-do-aeroporto-de-fortaleza-recebe-inspecao-de-autoridades-nesta-segunda-feira","status":"publish","type":"post","link":"https:\/\/blogdorogeriogomes.com.br\/noticias\/2019\/06\/novo-check-in-do-aeroporto-de-fortaleza-recebe-inspecao-de-autoridades-nesta-segunda-feira\/","title":{"rendered":"Novo check in do Aeroporto de Fortaleza recebe inspe\u00e7\u00e3o de autoridades nesta segunda-feira"},"content":{"rendered":"<p><img loading=\"lazy\" decoding=\"async\" class=\"alignnone size-medium wp-image-13116\" src=\"http:\/\/blogdorogeriogomes.com.br\/wp-content\/uploads\/2019\/06\/IMG_20190624_060045_558-300x205.jpg\" alt=\"IMG_20190624_060045_558\" width=\"300\" height=\"205\" srcset=\"https:\/\/blogdorogeriogomes.com.br\/noticias\/wp-content\/uploads\/2019\/06\/IMG_20190624_060045_558-300x205.jpg 300w, https:\/\/blogdorogeriogomes.com.br\/noticias\/wp-content\/uploads\/2019\/06\/IMG_20190624_060045_558.jpg 661w\" sizes=\"auto, (max-width: 300px) 100vw, 300px\" \/><\/p>\n<p>As obras no Aeroporto de Fortaleza seguem em ritmo acelerado. Nesta segunda-feira, dia 24 de junho, o governador Camilo Santana participa da visita \u00e0 nova \u00e1rea do check-in nacional e internacional do terminal. O local faz parte da expans\u00e3o do terminal de passageiros do aeroporto. Na ocasi\u00e3o, a Fraport anunciar\u00e1 a data de in\u00edcio do funcionamento do novo check-in. O prefeito de Fortaleza, Roberto Cl\u00e1udio, e a CEO da Fraport Brasil, Andreea Pal, tamb\u00e9m estar\u00e3o na visita.<\/p>\n","protected":false},"excerpt":{"rendered":"<p>As obras no Aeroporto de Fortaleza seguem em ritmo acelerado. Nesta segunda-feira, dia 24 de junho, o governador Camilo Santana participa da visita \u00e0 nova \u00e1rea do check-in nacional e internacional do terminal. O local faz parte da expans\u00e3o do terminal de passageiros do aeroporto. Na ocasi\u00e3o, a Fraport anunciar\u00e1 a data de in\u00edcio do funcionamento do novo check-in. O prefeito de Fortaleza, Roberto Cl\u00e1udio, e a CEO da Fraport Brasil, Andreea Pal, tamb\u00e9m estar\u00e3o na visita.<\/p>\n","protected":false},"author":1,"featured_media":0,"comment_status":"open","ping_status":"open","sticky":false,"template":"","format":"standard","meta":{"footnotes":""},"categories":[1],"tags":[],"class_list":["post-13115","post","type-post","status-publish","format-standard","hentry","category-noticias"],"_links":{"self":[{"href":"https:\/\/blogdorogeriogomes.com.br\/noticias\/wp-json\/wp\/v2\/posts\/13115","targetHints":{"allow":["GET"]}}],"collection":[{"href":"https:\/\/blogdorogeriogomes.com.br\/noticias\/wp-json\/wp\/v2\/posts"}],"about":[{"href":"https:\/\/blogdorogeriogomes.com.br\/noticias\/wp-json\/wp\/v2\/types\/post"}],"author":[{"embeddable":true,"href":"https:\/\/blogdorogeriogomes.com.br\/noticias\/wp-json\/wp\/v2\/users\/1"}],"replies":[{"embeddable":true,"href":"https:\/\/blogdorogeriogomes.com.br\/noticias\/wp-json\/wp\/v2\/comments?post=13115"}],"version-history":[{"count":1,"href":"https:\/\/blogdorogeriogomes.com.br\/noticias\/wp-json\/wp\/v2\/posts\/13115\/revisions"}],"predecessor-version":[{"id":13117,"href":"https:\/\/blogdorogeriogomes.com.br\/noticias\/wp-json\/wp\/v2\/posts\/13115\/revisions\/13117"}],"wp:attachment":[{"href":"https:\/\/blogdorogeriogomes.com.br\/noticias\/wp-json\/wp\/v2\/media?parent=13115"}],"wp:term":[{"taxonomy":"category","embeddable":true,"href":"https:\/\/blogdorogeriogomes.com.br\/noticias\/wp-json\/wp\/v2\/categories?post=13115"},{"taxonomy":"post_tag","embeddable":true,"href":"https:\/\/blogdorogeriogomes.com.br\/noticias\/wp-json\/wp\/v2\/tags?post=13115"}],"curies":[{"name":"wp","href":"https:\/\/api.w.org\/{rel}","templated":true}]}}