{"id":13118,"date":"2019-06-24T09:21:05","date_gmt":"2019-06-24T09:21:05","guid":{"rendered":"http:\/\/blogdorogeriogomes.com.br\/?p=13118"},"modified":"2019-06-24T09:21:05","modified_gmt":"2019-06-24T09:21:05","slug":"segunda-turma-do-stf-analisa-nesta-terca-feira-pedido-de-suspeicao-do-ex-juiz-sergio-moro","status":"publish","type":"post","link":"https:\/\/blogdorogeriogomes.com.br\/noticias\/2019\/06\/segunda-turma-do-stf-analisa-nesta-terca-feira-pedido-de-suspeicao-do-ex-juiz-sergio-moro\/","title":{"rendered":"Segunda Turma do STF analisa nesta ter\u00e7a-feira pedido de suspei\u00e7\u00e3o do ex-juiz S\u00e9rgio Moro"},"content":{"rendered":"<p><img loading=\"lazy\" decoding=\"async\" class=\"alignnone size-medium wp-image-13119\" src=\"http:\/\/blogdorogeriogomes.com.br\/wp-content\/uploads\/2019\/06\/IMG_20190624_061741_055-300x200.jpg\" alt=\"IMG_20190624_061741_055\" width=\"300\" height=\"200\" srcset=\"https:\/\/blogdorogeriogomes.com.br\/noticias\/wp-content\/uploads\/2019\/06\/IMG_20190624_061741_055-300x200.jpg 300w, https:\/\/blogdorogeriogomes.com.br\/noticias\/wp-content\/uploads\/2019\/06\/IMG_20190624_061741_055-768x512.jpg 768w, https:\/\/blogdorogeriogomes.com.br\/noticias\/wp-content\/uploads\/2019\/06\/IMG_20190624_061741_055.jpg 1024w\" sizes=\"auto, (max-width: 300px) 100vw, 300px\" \/><\/p>\n<p>A Segunda Turma do Supremo Tribunal Federal (STF) volta se reunir nesta ter\u00e7a-feira, dia 25 de junho, para analisar pedido da defesa do ex-presidente Lula. Em pauta, um novo pedido de habeas corpus alegando suspei\u00e7\u00e3o do ex-juiz S\u00e9rgio Moro na condu\u00e7\u00e3o do processo. O pedido ganha for\u00e7a diante do momento pol\u00edtico envolvendo a revela\u00e7\u00e3o de conversas de autoridades da Lava Jato feita pelo site The Intercept Brasil.<br \/>\nA Segunda Turma da corte vai julgar se as a\u00e7\u00f5es penais contra o ex-presidente devem ser anuladas a partir da interpreta\u00e7\u00e3o de que o ex-juiz Sergio Moro, que condenou o petista, n\u00e3o teve a imparcialidade necess\u00e1ria para comandar os casos.<br \/>\nSe essa tese da defesa for bem-sucedida, o ex-presidente pode ser solto e os processos da Lava Jato contra Lula retrocederem at\u00e9 mesmo para a fase de investiga\u00e7\u00e3o.<br \/>\nEm tempo: falando no ex-juiz S\u00e9rgio Moro, o atual Ministro da Justi\u00e7a cancelou sua ida \u00e0 Comiss\u00e3o de Constitui\u00e7\u00e3o e Justi\u00e7a (CCJ) da C\u00e2mara marcada para a pr\u00f3xima quarta-feira. Ainda n\u00e3o foi proposta uma nova data para a audi\u00eancia.<\/p>\n","protected":false},"excerpt":{"rendered":"<p>A Segunda Turma do Supremo Tribunal Federal (STF) volta se reunir nesta ter\u00e7a-feira, dia 25 de junho, para analisar pedido da defesa do ex-presidente Lula. Em pauta, um novo pedido de habeas corpus alegando suspei\u00e7\u00e3o do ex-juiz S\u00e9rgio Moro na condu\u00e7\u00e3o do processo. O pedido ganha for\u00e7a diante do momento pol\u00edtico envolvendo a revela\u00e7\u00e3o de conversas de autoridades da Lava Jato feita pelo site The Intercept Brasil. A Segunda Turma da corte vai julgar se as a\u00e7\u00f5es penais contra&hellip;<\/p>\n","protected":false},"author":1,"featured_media":0,"comment_status":"open","ping_status":"open","sticky":false,"template":"","format":"standard","meta":{"footnotes":""},"categories":[1],"tags":[],"class_list":["post-13118","post","type-post","status-publish","format-standard","hentry","category-noticias"],"_links":{"self":[{"href":"https:\/\/blogdorogeriogomes.com.br\/noticias\/wp-json\/wp\/v2\/posts\/13118","targetHints":{"allow":["GET"]}}],"collection":[{"href":"https:\/\/blogdorogeriogomes.com.br\/noticias\/wp-json\/wp\/v2\/posts"}],"about":[{"href":"https:\/\/blogdorogeriogomes.com.br\/noticias\/wp-json\/wp\/v2\/types\/post"}],"author":[{"embeddable":true,"href":"https:\/\/blogdorogeriogomes.com.br\/noticias\/wp-json\/wp\/v2\/users\/1"}],"replies":[{"embeddable":true,"href":"https:\/\/blogdorogeriogomes.com.br\/noticias\/wp-json\/wp\/v2\/comments?post=13118"}],"version-history":[{"count":1,"href":"https:\/\/blogdorogeriogomes.com.br\/noticias\/wp-json\/wp\/v2\/posts\/13118\/revisions"}],"predecessor-version":[{"id":13120,"href":"https:\/\/blogdorogeriogomes.com.br\/noticias\/wp-json\/wp\/v2\/posts\/13118\/revisions\/13120"}],"wp:attachment":[{"href":"https:\/\/blogdorogeriogomes.com.br\/noticias\/wp-json\/wp\/v2\/media?parent=13118"}],"wp:term":[{"taxonomy":"category","embeddable":true,"href":"https:\/\/blogdorogeriogomes.com.br\/noticias\/wp-json\/wp\/v2\/categories?post=13118"},{"taxonomy":"post_tag","embeddable":true,"href":"https:\/\/blogdorogeriogomes.com.br\/noticias\/wp-json\/wp\/v2\/tags?post=13118"}],"curies":[{"name":"wp","href":"https:\/\/api.w.org\/{rel}","templated":true}]}}