{"id":13121,"date":"2019-06-24T09:25:30","date_gmt":"2019-06-24T09:25:30","guid":{"rendered":"http:\/\/blogdorogeriogomes.com.br\/?p=13121"},"modified":"2019-06-24T09:25:30","modified_gmt":"2019-06-24T09:25:30","slug":"fortaleza-sedia-evento-internacional-de-mobilidade-sustentavel","status":"publish","type":"post","link":"https:\/\/blogdorogeriogomes.com.br\/noticias\/2019\/06\/fortaleza-sedia-evento-internacional-de-mobilidade-sustentavel\/","title":{"rendered":"Fortaleza sedia evento internacional de mobilidade sustent\u00e1vel"},"content":{"rendered":"<p><img loading=\"lazy\" decoding=\"async\" class=\"alignnone size-medium wp-image-13122\" src=\"http:\/\/blogdorogeriogomes.com.br\/wp-content\/uploads\/2019\/06\/Cidade-da-Gente-IMG_0976-300x200.jpg\" alt=\"Cidade da Gente IMG_0976\" width=\"300\" height=\"200\" srcset=\"https:\/\/blogdorogeriogomes.com.br\/noticias\/wp-content\/uploads\/2019\/06\/Cidade-da-Gente-IMG_0976-300x200.jpg 300w, https:\/\/blogdorogeriogomes.com.br\/noticias\/wp-content\/uploads\/2019\/06\/Cidade-da-Gente-IMG_0976-768x512.jpg 768w, https:\/\/blogdorogeriogomes.com.br\/noticias\/wp-content\/uploads\/2019\/06\/Cidade-da-Gente-IMG_0976-1024x683.jpg 1024w, https:\/\/blogdorogeriogomes.com.br\/noticias\/wp-content\/uploads\/2019\/06\/Cidade-da-Gente-IMG_0976.jpg 1800w\" sizes=\"auto, (max-width: 300px) 100vw, 300px\" \/><\/p>\n<p>Cerca de 200 especialistas em mobilidade sustent\u00e1vel de todos os continentes se re\u00fanem em Fortaleza de 24 a 26 deste m\u00eas em uma das maiores c\u00fapulas da tem\u00e1tica no mundo &#8211; o \u201cMobilize Summit\u201d. Organizado pelo Instituto de Pol\u00edticas de Transporte &amp; Desenvolvimento (ITDP, da sigla em ingl\u00eas para Institute for Transportation and Development Policy), conta com a parceria da Funda\u00e7\u00e3o Volvo para Educa\u00e7\u00e3o e Pesquisa. A realiza\u00e7\u00e3o do evento na capital cearense \u00e9 parte do pr\u00eamio \u201cSustainable Transport Award\u201d (STA, na sigla em ingl\u00eas) conferido \u00e0 cidade de Fortaleza por projetos inovadores para promo\u00e7\u00e3o da sustentabilidade no deslocamento urbano, por melhorar a mobilidade em geral da popula\u00e7\u00e3o, redu\u00e7\u00e3o de gases do efeito estufa e melhoria da seguran\u00e7a e infraestrutura para ciclistas e pedestres.<\/p>\n","protected":false},"excerpt":{"rendered":"<p>Cerca de 200 especialistas em mobilidade sustent\u00e1vel de todos os continentes se re\u00fanem em Fortaleza de 24 a 26 deste m\u00eas em uma das maiores c\u00fapulas da tem\u00e1tica no mundo &#8211; o \u201cMobilize Summit\u201d. Organizado pelo Instituto de Pol\u00edticas de Transporte &amp; Desenvolvimento (ITDP, da sigla em ingl\u00eas para Institute for Transportation and Development Policy), conta com a parceria da Funda\u00e7\u00e3o Volvo para Educa\u00e7\u00e3o e Pesquisa. A realiza\u00e7\u00e3o do evento na capital cearense \u00e9 parte do pr\u00eamio \u201cSustainable Transport&hellip;<\/p>\n","protected":false},"author":1,"featured_media":0,"comment_status":"open","ping_status":"open","sticky":false,"template":"","format":"standard","meta":{"footnotes":""},"categories":[1],"tags":[],"class_list":["post-13121","post","type-post","status-publish","format-standard","hentry","category-noticias"],"_links":{"self":[{"href":"https:\/\/blogdorogeriogomes.com.br\/noticias\/wp-json\/wp\/v2\/posts\/13121","targetHints":{"allow":["GET"]}}],"collection":[{"href":"https:\/\/blogdorogeriogomes.com.br\/noticias\/wp-json\/wp\/v2\/posts"}],"about":[{"href":"https:\/\/blogdorogeriogomes.com.br\/noticias\/wp-json\/wp\/v2\/types\/post"}],"author":[{"embeddable":true,"href":"https:\/\/blogdorogeriogomes.com.br\/noticias\/wp-json\/wp\/v2\/users\/1"}],"replies":[{"embeddable":true,"href":"https:\/\/blogdorogeriogomes.com.br\/noticias\/wp-json\/wp\/v2\/comments?post=13121"}],"version-history":[{"count":1,"href":"https:\/\/blogdorogeriogomes.com.br\/noticias\/wp-json\/wp\/v2\/posts\/13121\/revisions"}],"predecessor-version":[{"id":13123,"href":"https:\/\/blogdorogeriogomes.com.br\/noticias\/wp-json\/wp\/v2\/posts\/13121\/revisions\/13123"}],"wp:attachment":[{"href":"https:\/\/blogdorogeriogomes.com.br\/noticias\/wp-json\/wp\/v2\/media?parent=13121"}],"wp:term":[{"taxonomy":"category","embeddable":true,"href":"https:\/\/blogdorogeriogomes.com.br\/noticias\/wp-json\/wp\/v2\/categories?post=13121"},{"taxonomy":"post_tag","embeddable":true,"href":"https:\/\/blogdorogeriogomes.com.br\/noticias\/wp-json\/wp\/v2\/tags?post=13121"}],"curies":[{"name":"wp","href":"https:\/\/api.w.org\/{rel}","templated":true}]}}