{"id":13124,"date":"2019-06-24T20:47:52","date_gmt":"2019-06-24T20:47:52","guid":{"rendered":"http:\/\/blogdorogeriogomes.com.br\/?p=13124"},"modified":"2019-06-24T20:47:52","modified_gmt":"2019-06-24T20:47:52","slug":"andre-fernandes-diz-nao-temer-processo-no-conselho-de-etica-da-assembleia-legislativa","status":"publish","type":"post","link":"https:\/\/blogdorogeriogomes.com.br\/noticias\/2019\/06\/andre-fernandes-diz-nao-temer-processo-no-conselho-de-etica-da-assembleia-legislativa\/","title":{"rendered":"Andr\u00e9 Fernandes diz n\u00e3o temer processo no Conselho de \u00c9tica da Assembleia Legislativa"},"content":{"rendered":"<p><img loading=\"lazy\" decoding=\"async\" class=\"alignnone size-medium wp-image-13125\" src=\"http:\/\/blogdorogeriogomes.com.br\/wp-content\/uploads\/2019\/06\/IMG_20190624_174147_960-300x300.jpg\" alt=\"IMG_20190624_174147_960\" width=\"300\" height=\"300\" srcset=\"https:\/\/blogdorogeriogomes.com.br\/noticias\/wp-content\/uploads\/2019\/06\/IMG_20190624_174147_960-300x300.jpg 300w, https:\/\/blogdorogeriogomes.com.br\/noticias\/wp-content\/uploads\/2019\/06\/IMG_20190624_174147_960-150x150.jpg 150w, https:\/\/blogdorogeriogomes.com.br\/noticias\/wp-content\/uploads\/2019\/06\/IMG_20190624_174147_960-768x768.jpg 768w, https:\/\/blogdorogeriogomes.com.br\/noticias\/wp-content\/uploads\/2019\/06\/IMG_20190624_174147_960-1024x1024.jpg 1024w\" sizes=\"auto, (max-width: 300px) 100vw, 300px\" \/><\/p>\n<p>O deputado estadual Andr\u00e9 Fernandes (PSL) convocou a imprensa, nesta segunda-feira, dia 24 de junho, para prestar esclarecimentos sobre as den\u00fancias feitas contra o tamb\u00e9m parlamentar Nezinho Farias, do PDT, de envolvimento com fac\u00e7\u00f5es criminosas. Andr\u00e9 Fernandes diz ter pedido ao Minist\u00e9rio P\u00fablico para investigar o caso em sigilo, ap\u00f3s receber a den\u00fancia de um eleitor. O parlamentar diz n\u00e3o temer o pedido de ser representado no Conselho de \u00c9tica da Assembleia por quebra de decoro parlamentar, feito pelo PDT e PSDB. A situa\u00e7\u00e3o se agravou porque Andr\u00e9 Fernandes encaminhou a den\u00fancia, mas ainda n\u00e3o apresentou provas contra Nezinho Farias. O deputado do PSL voltou a dizer que n\u00e3o deve explica\u00e7\u00f5es aos colegas e que n\u00e3o teme ter o mandato cassado.<br \/>\nO procurador-geral de Justi\u00e7a do Minist\u00e9rio P\u00fablico do Estado, Pl\u00e1cido Rios, rebateu as cr\u00edticas do deputado Andr\u00e9 Fernandes sobre o suposto &#8220;vazamento&#8221; da den\u00fancia encaminhada por ele, no \u00faltimo dia 14 de junho, em que acusa o deputado Nezinho Farias de envolvimento com fac\u00e7\u00e3o criminosa. O chefe do MP defendeu que n\u00e3o havia motivos para decreta\u00e7\u00e3o de sigilo da den\u00fancia e disse que o \u00f3rg\u00e3o ainda n\u00e3o abriu investiga\u00e7\u00e3o por falta de provas. Andr\u00e9 Fernandes deve ser convocado pelo Minist\u00e9rio P\u00fablico para prestar mais esclarecimentos sobre a den\u00fancia.<\/p>\n","protected":false},"excerpt":{"rendered":"<p>O deputado estadual Andr\u00e9 Fernandes (PSL) convocou a imprensa, nesta segunda-feira, dia 24 de junho, para prestar esclarecimentos sobre as den\u00fancias feitas contra o tamb\u00e9m parlamentar Nezinho Farias, do PDT, de envolvimento com fac\u00e7\u00f5es criminosas. Andr\u00e9 Fernandes diz ter pedido ao Minist\u00e9rio P\u00fablico para investigar o caso em sigilo, ap\u00f3s receber a den\u00fancia de um eleitor. O parlamentar diz n\u00e3o temer o pedido de ser representado no Conselho de \u00c9tica da Assembleia por quebra de decoro parlamentar, feito pelo&hellip;<\/p>\n","protected":false},"author":1,"featured_media":0,"comment_status":"open","ping_status":"open","sticky":false,"template":"","format":"standard","meta":{"footnotes":""},"categories":[1],"tags":[],"class_list":["post-13124","post","type-post","status-publish","format-standard","hentry","category-noticias"],"_links":{"self":[{"href":"https:\/\/blogdorogeriogomes.com.br\/noticias\/wp-json\/wp\/v2\/posts\/13124","targetHints":{"allow":["GET"]}}],"collection":[{"href":"https:\/\/blogdorogeriogomes.com.br\/noticias\/wp-json\/wp\/v2\/posts"}],"about":[{"href":"https:\/\/blogdorogeriogomes.com.br\/noticias\/wp-json\/wp\/v2\/types\/post"}],"author":[{"embeddable":true,"href":"https:\/\/blogdorogeriogomes.com.br\/noticias\/wp-json\/wp\/v2\/users\/1"}],"replies":[{"embeddable":true,"href":"https:\/\/blogdorogeriogomes.com.br\/noticias\/wp-json\/wp\/v2\/comments?post=13124"}],"version-history":[{"count":1,"href":"https:\/\/blogdorogeriogomes.com.br\/noticias\/wp-json\/wp\/v2\/posts\/13124\/revisions"}],"predecessor-version":[{"id":13126,"href":"https:\/\/blogdorogeriogomes.com.br\/noticias\/wp-json\/wp\/v2\/posts\/13124\/revisions\/13126"}],"wp:attachment":[{"href":"https:\/\/blogdorogeriogomes.com.br\/noticias\/wp-json\/wp\/v2\/media?parent=13124"}],"wp:term":[{"taxonomy":"category","embeddable":true,"href":"https:\/\/blogdorogeriogomes.com.br\/noticias\/wp-json\/wp\/v2\/categories?post=13124"},{"taxonomy":"post_tag","embeddable":true,"href":"https:\/\/blogdorogeriogomes.com.br\/noticias\/wp-json\/wp\/v2\/tags?post=13124"}],"curies":[{"name":"wp","href":"https:\/\/api.w.org\/{rel}","templated":true}]}}