{"id":13127,"date":"2019-06-24T21:13:08","date_gmt":"2019-06-24T21:13:08","guid":{"rendered":"http:\/\/blogdorogeriogomes.com.br\/?p=13127"},"modified":"2019-06-24T21:13:08","modified_gmt":"2019-06-24T21:13:08","slug":"programa-mais-nutricao-vai-permitir-combate-a-desperdicio-de-alimentos-da-ceasa","status":"publish","type":"post","link":"https:\/\/blogdorogeriogomes.com.br\/noticias\/2019\/06\/programa-mais-nutricao-vai-permitir-combate-a-desperdicio-de-alimentos-da-ceasa\/","title":{"rendered":"Programa Mais Nutri\u00e7\u00e3o vai permitir combate a desperd\u00edcio de alimentos da Ceasa"},"content":{"rendered":"<p><img loading=\"lazy\" decoding=\"async\" class=\"alignnone size-medium wp-image-13128\" src=\"http:\/\/blogdorogeriogomes.com.br\/wp-content\/uploads\/2019\/06\/IMG_20190624_180936_095-300x225.jpg\" alt=\"IMG_20190624_180936_095\" width=\"300\" height=\"225\" srcset=\"https:\/\/blogdorogeriogomes.com.br\/noticias\/wp-content\/uploads\/2019\/06\/IMG_20190624_180936_095-300x225.jpg 300w, https:\/\/blogdorogeriogomes.com.br\/noticias\/wp-content\/uploads\/2019\/06\/IMG_20190624_180936_095-768x576.jpg 768w, https:\/\/blogdorogeriogomes.com.br\/noticias\/wp-content\/uploads\/2019\/06\/IMG_20190624_180936_095-1024x768.jpg 1024w, https:\/\/blogdorogeriogomes.com.br\/noticias\/wp-content\/uploads\/2019\/06\/IMG_20190624_180936_095.jpg 1600w\" sizes=\"auto, (max-width: 300px) 100vw, 300px\" \/><\/p>\n<p>O Governo do Cear\u00e1 lan\u00e7a nesta ter\u00e7a-feira, dia 25 de junho, na Central de Abastecimento do Cear\u00e1 (Ceasa), em Maracana\u00fa, o Programa Mais Nutri\u00e7\u00e3o. A solenidade vai contar com as presen\u00e7as do governador Camilo Santana e da primeira-dama On\u00e9lia Santana, al\u00e9m de representantes das entidades beneficiadas com a a\u00e7\u00e3o.<br \/>\nA iniciativa, que integra o Programa Mais Inf\u00e2ncia Cear\u00e1, vai entregar alimenta\u00e7\u00e3o para entidades cearenses, visando a seguran\u00e7a alimentar e nutricional e tamb\u00e9m a redu\u00e7\u00e3o do desperd\u00edcio de alimentos, a partir de doa\u00e7\u00f5es de permission\u00e1rios da pr\u00f3pria Ceasa e outras empresas. Na ocasi\u00e3o, ser\u00e1 inaugurada a f\u00e1brica onde os produtos ser\u00e3o desidratados e transformados em sopas e polpas de frutas.<\/p>\n","protected":false},"excerpt":{"rendered":"<p>O Governo do Cear\u00e1 lan\u00e7a nesta ter\u00e7a-feira, dia 25 de junho, na Central de Abastecimento do Cear\u00e1 (Ceasa), em Maracana\u00fa, o Programa Mais Nutri\u00e7\u00e3o. A solenidade vai contar com as presen\u00e7as do governador Camilo Santana e da primeira-dama On\u00e9lia Santana, al\u00e9m de representantes das entidades beneficiadas com a a\u00e7\u00e3o. A iniciativa, que integra o Programa Mais Inf\u00e2ncia Cear\u00e1, vai entregar alimenta\u00e7\u00e3o para entidades cearenses, visando a seguran\u00e7a alimentar e nutricional e tamb\u00e9m a redu\u00e7\u00e3o do desperd\u00edcio de alimentos, a&hellip;<\/p>\n","protected":false},"author":1,"featured_media":0,"comment_status":"open","ping_status":"open","sticky":false,"template":"","format":"standard","meta":{"footnotes":""},"categories":[1],"tags":[],"class_list":["post-13127","post","type-post","status-publish","format-standard","hentry","category-noticias"],"_links":{"self":[{"href":"https:\/\/blogdorogeriogomes.com.br\/noticias\/wp-json\/wp\/v2\/posts\/13127","targetHints":{"allow":["GET"]}}],"collection":[{"href":"https:\/\/blogdorogeriogomes.com.br\/noticias\/wp-json\/wp\/v2\/posts"}],"about":[{"href":"https:\/\/blogdorogeriogomes.com.br\/noticias\/wp-json\/wp\/v2\/types\/post"}],"author":[{"embeddable":true,"href":"https:\/\/blogdorogeriogomes.com.br\/noticias\/wp-json\/wp\/v2\/users\/1"}],"replies":[{"embeddable":true,"href":"https:\/\/blogdorogeriogomes.com.br\/noticias\/wp-json\/wp\/v2\/comments?post=13127"}],"version-history":[{"count":1,"href":"https:\/\/blogdorogeriogomes.com.br\/noticias\/wp-json\/wp\/v2\/posts\/13127\/revisions"}],"predecessor-version":[{"id":13129,"href":"https:\/\/blogdorogeriogomes.com.br\/noticias\/wp-json\/wp\/v2\/posts\/13127\/revisions\/13129"}],"wp:attachment":[{"href":"https:\/\/blogdorogeriogomes.com.br\/noticias\/wp-json\/wp\/v2\/media?parent=13127"}],"wp:term":[{"taxonomy":"category","embeddable":true,"href":"https:\/\/blogdorogeriogomes.com.br\/noticias\/wp-json\/wp\/v2\/categories?post=13127"},{"taxonomy":"post_tag","embeddable":true,"href":"https:\/\/blogdorogeriogomes.com.br\/noticias\/wp-json\/wp\/v2\/tags?post=13127"}],"curies":[{"name":"wp","href":"https:\/\/api.w.org\/{rel}","templated":true}]}}