{"id":13130,"date":"2019-06-24T21:17:34","date_gmt":"2019-06-24T21:17:34","guid":{"rendered":"http:\/\/blogdorogeriogomes.com.br\/?p=13130"},"modified":"2019-06-24T21:17:34","modified_gmt":"2019-06-24T21:17:34","slug":"nova-area-de-check-in-do-aeroporto-pinto-martins-passa-a-funcionar-nesta-terca-feira","status":"publish","type":"post","link":"https:\/\/blogdorogeriogomes.com.br\/noticias\/2019\/06\/nova-area-de-check-in-do-aeroporto-pinto-martins-passa-a-funcionar-nesta-terca-feira\/","title":{"rendered":"Nova \u00e1rea de check in do Aeroporto Pinto Martins passa a funcionar nesta ter\u00e7a-feira"},"content":{"rendered":"<p><img loading=\"lazy\" decoding=\"async\" class=\"alignnone size-medium wp-image-13131\" src=\"http:\/\/blogdorogeriogomes.com.br\/wp-content\/uploads\/2019\/06\/IMG_20190624_181404_831-300x200.jpg\" alt=\"IMG_20190624_181404_831\" width=\"300\" height=\"200\" srcset=\"https:\/\/blogdorogeriogomes.com.br\/noticias\/wp-content\/uploads\/2019\/06\/IMG_20190624_181404_831-300x200.jpg 300w, https:\/\/blogdorogeriogomes.com.br\/noticias\/wp-content\/uploads\/2019\/06\/IMG_20190624_181404_831-768x513.jpg 768w, https:\/\/blogdorogeriogomes.com.br\/noticias\/wp-content\/uploads\/2019\/06\/IMG_20190624_181404_831-1024x684.jpg 1024w\" sizes=\"auto, (max-width: 300px) 100vw, 300px\" \/><\/p>\n<p>A partir desta ter\u00e7a-feira, dia 25 de junho, entra em funcionamento a nova \u00e1rea de check-in nacional e internacional do Aeroporto de Fortaleza. Com as obras nos terminais de passageiros, o Pinto Martins mais do que dobrar\u00e1 o tamanho do antigo equipamento, passando a contar com mais de 60 mil metros quadrados. No que se refere \u00e0 nova \u00e1rea de check-in, ser\u00e1 ofertado 50% a mais de capacidade para passageiros, com estrutura mais moderna (40 entradas para voos dom\u00e9sticos e 20 para voos internacionais), com mais ilumina\u00e7\u00e3o, mais tecnologia, com esteiras automatizadas, e acesso exclusivamente dedicado \u00e0 presta\u00e7\u00e3o do servi\u00e7o espec\u00edfico, localizando-se na parte t\u00e9rrea do aeroporto separado dos setores de embarque e desembarque.<br \/>\nAs obras da Fraport em Fortaleza se encontram 78% conclu\u00eddas. Com investimento total de R$ 1 bilh\u00e3o, a entrega do terminal de passageiros tem previs\u00e3o de ocorrer at\u00e9 maio de 2020, enquanto a inaugura\u00e7\u00e3o da nova pista deve acontecer at\u00e9 dezembro de 2021.<\/p>\n","protected":false},"excerpt":{"rendered":"<p>A partir desta ter\u00e7a-feira, dia 25 de junho, entra em funcionamento a nova \u00e1rea de check-in nacional e internacional do Aeroporto de Fortaleza. Com as obras nos terminais de passageiros, o Pinto Martins mais do que dobrar\u00e1 o tamanho do antigo equipamento, passando a contar com mais de 60 mil metros quadrados. No que se refere \u00e0 nova \u00e1rea de check-in, ser\u00e1 ofertado 50% a mais de capacidade para passageiros, com estrutura mais moderna (40 entradas para voos dom\u00e9sticos&hellip;<\/p>\n","protected":false},"author":1,"featured_media":0,"comment_status":"open","ping_status":"open","sticky":false,"template":"","format":"standard","meta":{"footnotes":""},"categories":[1],"tags":[],"class_list":["post-13130","post","type-post","status-publish","format-standard","hentry","category-noticias"],"_links":{"self":[{"href":"https:\/\/blogdorogeriogomes.com.br\/noticias\/wp-json\/wp\/v2\/posts\/13130","targetHints":{"allow":["GET"]}}],"collection":[{"href":"https:\/\/blogdorogeriogomes.com.br\/noticias\/wp-json\/wp\/v2\/posts"}],"about":[{"href":"https:\/\/blogdorogeriogomes.com.br\/noticias\/wp-json\/wp\/v2\/types\/post"}],"author":[{"embeddable":true,"href":"https:\/\/blogdorogeriogomes.com.br\/noticias\/wp-json\/wp\/v2\/users\/1"}],"replies":[{"embeddable":true,"href":"https:\/\/blogdorogeriogomes.com.br\/noticias\/wp-json\/wp\/v2\/comments?post=13130"}],"version-history":[{"count":1,"href":"https:\/\/blogdorogeriogomes.com.br\/noticias\/wp-json\/wp\/v2\/posts\/13130\/revisions"}],"predecessor-version":[{"id":13132,"href":"https:\/\/blogdorogeriogomes.com.br\/noticias\/wp-json\/wp\/v2\/posts\/13130\/revisions\/13132"}],"wp:attachment":[{"href":"https:\/\/blogdorogeriogomes.com.br\/noticias\/wp-json\/wp\/v2\/media?parent=13130"}],"wp:term":[{"taxonomy":"category","embeddable":true,"href":"https:\/\/blogdorogeriogomes.com.br\/noticias\/wp-json\/wp\/v2\/categories?post=13130"},{"taxonomy":"post_tag","embeddable":true,"href":"https:\/\/blogdorogeriogomes.com.br\/noticias\/wp-json\/wp\/v2\/tags?post=13130"}],"curies":[{"name":"wp","href":"https:\/\/api.w.org\/{rel}","templated":true}]}}