{"id":13133,"date":"2019-06-25T09:57:46","date_gmt":"2019-06-25T09:57:46","guid":{"rendered":"http:\/\/blogdorogeriogomes.com.br\/?p=13133"},"modified":"2019-06-25T09:57:46","modified_gmt":"2019-06-25T09:57:46","slug":"governo-federal-ainda-tenta-ultimas-mudancas-no-relatorio-da-reforma-da-previdencia","status":"publish","type":"post","link":"https:\/\/blogdorogeriogomes.com.br\/noticias\/2019\/06\/governo-federal-ainda-tenta-ultimas-mudancas-no-relatorio-da-reforma-da-previdencia\/","title":{"rendered":"Governo Federal ainda tenta \u00faltimas mudan\u00e7as no relat\u00f3rio da reforma da Previd\u00eancia"},"content":{"rendered":"<p><img loading=\"lazy\" decoding=\"async\" class=\"alignnone size-medium wp-image-13134\" src=\"http:\/\/blogdorogeriogomes.com.br\/wp-content\/uploads\/2019\/06\/IMG_20190625_065251_555-300x223.jpg\" alt=\"IMG_20190625_065251_555\" width=\"300\" height=\"223\" srcset=\"https:\/\/blogdorogeriogomes.com.br\/noticias\/wp-content\/uploads\/2019\/06\/IMG_20190625_065251_555-300x223.jpg 300w, https:\/\/blogdorogeriogomes.com.br\/noticias\/wp-content\/uploads\/2019\/06\/IMG_20190625_065251_555.jpg 643w\" sizes=\"auto, (max-width: 300px) 100vw, 300px\" \/><\/p>\n<p>O Governo Federal ainda tenta \u00faltimas mudan\u00e7as no relat\u00f3rio da reforma da Previd\u00eancia, que ser\u00e1 votado na comiss\u00e3o especial. Nesta ter\u00e7a-feira, dia 25 de junho, ser\u00e1 retomada a fase de debates sobre o parecer apresentado pelo relator, deputado Samuel Moreira (PSDB-SP). Est\u00e3o inscritos para comentar o relat\u00f3rio 77 deputados, conforme o presidente da comiss\u00e3o, deputado Marcelo Ramos (PL-AM). Ap\u00f3s essa fase, o texto ser\u00e1 votado pelos parlamentares.<br \/>\nA l\u00edder do governo no Congresso, deputada Joice Hasselmann (PSL-SP), afirmou que o governo vai trabalhar por mudan\u00e7as nas regras do Benef\u00edcio de Presta\u00e7\u00e3o Continuada (BPC) para pessoas com doen\u00e7as raras e nas normas para o pagamento integral da pens\u00e3o por morte de policiais federais &#8211; ponto alterado no texto enviado ao Congresso.<br \/>\nO presidente da C\u00e2mara, Rodrigo Maia (DEM-RJ), afirmou que quer votar a reforma da Previd\u00eancia at\u00e9 a segunda semana de julho.<\/p>\n","protected":false},"excerpt":{"rendered":"<p>O Governo Federal ainda tenta \u00faltimas mudan\u00e7as no relat\u00f3rio da reforma da Previd\u00eancia, que ser\u00e1 votado na comiss\u00e3o especial. Nesta ter\u00e7a-feira, dia 25 de junho, ser\u00e1 retomada a fase de debates sobre o parecer apresentado pelo relator, deputado Samuel Moreira (PSDB-SP). Est\u00e3o inscritos para comentar o relat\u00f3rio 77 deputados, conforme o presidente da comiss\u00e3o, deputado Marcelo Ramos (PL-AM). Ap\u00f3s essa fase, o texto ser\u00e1 votado pelos parlamentares. A l\u00edder do governo no Congresso, deputada Joice Hasselmann (PSL-SP), afirmou que&hellip;<\/p>\n","protected":false},"author":1,"featured_media":0,"comment_status":"open","ping_status":"open","sticky":false,"template":"","format":"standard","meta":{"footnotes":""},"categories":[1],"tags":[],"class_list":["post-13133","post","type-post","status-publish","format-standard","hentry","category-noticias"],"_links":{"self":[{"href":"https:\/\/blogdorogeriogomes.com.br\/noticias\/wp-json\/wp\/v2\/posts\/13133","targetHints":{"allow":["GET"]}}],"collection":[{"href":"https:\/\/blogdorogeriogomes.com.br\/noticias\/wp-json\/wp\/v2\/posts"}],"about":[{"href":"https:\/\/blogdorogeriogomes.com.br\/noticias\/wp-json\/wp\/v2\/types\/post"}],"author":[{"embeddable":true,"href":"https:\/\/blogdorogeriogomes.com.br\/noticias\/wp-json\/wp\/v2\/users\/1"}],"replies":[{"embeddable":true,"href":"https:\/\/blogdorogeriogomes.com.br\/noticias\/wp-json\/wp\/v2\/comments?post=13133"}],"version-history":[{"count":1,"href":"https:\/\/blogdorogeriogomes.com.br\/noticias\/wp-json\/wp\/v2\/posts\/13133\/revisions"}],"predecessor-version":[{"id":13135,"href":"https:\/\/blogdorogeriogomes.com.br\/noticias\/wp-json\/wp\/v2\/posts\/13133\/revisions\/13135"}],"wp:attachment":[{"href":"https:\/\/blogdorogeriogomes.com.br\/noticias\/wp-json\/wp\/v2\/media?parent=13133"}],"wp:term":[{"taxonomy":"category","embeddable":true,"href":"https:\/\/blogdorogeriogomes.com.br\/noticias\/wp-json\/wp\/v2\/categories?post=13133"},{"taxonomy":"post_tag","embeddable":true,"href":"https:\/\/blogdorogeriogomes.com.br\/noticias\/wp-json\/wp\/v2\/tags?post=13133"}],"curies":[{"name":"wp","href":"https:\/\/api.w.org\/{rel}","templated":true}]}}