{"id":13139,"date":"2019-06-25T23:31:43","date_gmt":"2019-06-25T23:31:43","guid":{"rendered":"http:\/\/blogdorogeriogomes.com.br\/?p=13139"},"modified":"2019-06-25T23:31:43","modified_gmt":"2019-06-25T23:31:43","slug":"stf-adia-julgamento-sobre-parcialidade-de-moro-e-lula-continua-preso","status":"publish","type":"post","link":"https:\/\/blogdorogeriogomes.com.br\/noticias\/2019\/06\/stf-adia-julgamento-sobre-parcialidade-de-moro-e-lula-continua-preso\/","title":{"rendered":"STF adia julgamento sobre parcialidade de Moro e Lula continua preso"},"content":{"rendered":"<p><img loading=\"lazy\" decoding=\"async\" class=\"alignnone size-medium wp-image-13140\" src=\"http:\/\/blogdorogeriogomes.com.br\/wp-content\/uploads\/2019\/06\/IMG_20190625_202828_857-300x216.jpg\" alt=\"IMG_20190625_202828_857\" width=\"300\" height=\"216\" srcset=\"https:\/\/blogdorogeriogomes.com.br\/noticias\/wp-content\/uploads\/2019\/06\/IMG_20190625_202828_857-300x216.jpg 300w, https:\/\/blogdorogeriogomes.com.br\/noticias\/wp-content\/uploads\/2019\/06\/IMG_20190625_202828_857.jpg 572w\" sizes=\"auto, (max-width: 300px) 100vw, 300px\" \/><\/p>\n<p>A 2\u00aa turma do Supremo Tribunal Federal adiou, nesta ter\u00e7a-feira, dia 25 de junho, o julgamento de um pedido de habeas corpus do ex-presidente Lula para anular a condena\u00e7\u00e3o no caso do tr\u00edplex do Guaruj\u00e1 (SP) por suposta parcialidade do ex-juiz federal e atual ministro da Justi\u00e7a, Sergio Moro, no julgamento do processo.<br \/>\nDurante a sess\u00e3o, o ministro Gilmar Mendes chegou a sugerir que Lula fosse solto provisoriamente at\u00e9 que o caso fosse finalmente julgado. Por\u00e9m, por 3 votos a 2, a sugest\u00e3o do ministro foi rejeitada. Votou com ele apenas Ricardo Lewandowski. Votaram contra a liminar Edson Fachin (relator), Celso de Mello e C\u00e1rmen L\u00facia (presidente da turma).<br \/>\nCom o adiamento, o julgamento ficar\u00e1, no m\u00ednimo, para o segundo semestre deste ano. Isso porque a sess\u00e3o desta ter\u00e7a-feira foi a \u00faltima da 2\u00aa turma antes do recesso de julho do STF. As audi\u00eancias ser\u00e3o retomadas em agosto.<\/p>\n","protected":false},"excerpt":{"rendered":"<p>A 2\u00aa turma do Supremo Tribunal Federal adiou, nesta ter\u00e7a-feira, dia 25 de junho, o julgamento de um pedido de habeas corpus do ex-presidente Lula para anular a condena\u00e7\u00e3o no caso do tr\u00edplex do Guaruj\u00e1 (SP) por suposta parcialidade do ex-juiz federal e atual ministro da Justi\u00e7a, Sergio Moro, no julgamento do processo. Durante a sess\u00e3o, o ministro Gilmar Mendes chegou a sugerir que Lula fosse solto provisoriamente at\u00e9 que o caso fosse finalmente julgado. Por\u00e9m, por 3 votos&hellip;<\/p>\n","protected":false},"author":1,"featured_media":0,"comment_status":"open","ping_status":"open","sticky":false,"template":"","format":"standard","meta":{"footnotes":""},"categories":[1],"tags":[],"class_list":["post-13139","post","type-post","status-publish","format-standard","hentry","category-noticias"],"_links":{"self":[{"href":"https:\/\/blogdorogeriogomes.com.br\/noticias\/wp-json\/wp\/v2\/posts\/13139","targetHints":{"allow":["GET"]}}],"collection":[{"href":"https:\/\/blogdorogeriogomes.com.br\/noticias\/wp-json\/wp\/v2\/posts"}],"about":[{"href":"https:\/\/blogdorogeriogomes.com.br\/noticias\/wp-json\/wp\/v2\/types\/post"}],"author":[{"embeddable":true,"href":"https:\/\/blogdorogeriogomes.com.br\/noticias\/wp-json\/wp\/v2\/users\/1"}],"replies":[{"embeddable":true,"href":"https:\/\/blogdorogeriogomes.com.br\/noticias\/wp-json\/wp\/v2\/comments?post=13139"}],"version-history":[{"count":1,"href":"https:\/\/blogdorogeriogomes.com.br\/noticias\/wp-json\/wp\/v2\/posts\/13139\/revisions"}],"predecessor-version":[{"id":13141,"href":"https:\/\/blogdorogeriogomes.com.br\/noticias\/wp-json\/wp\/v2\/posts\/13139\/revisions\/13141"}],"wp:attachment":[{"href":"https:\/\/blogdorogeriogomes.com.br\/noticias\/wp-json\/wp\/v2\/media?parent=13139"}],"wp:term":[{"taxonomy":"category","embeddable":true,"href":"https:\/\/blogdorogeriogomes.com.br\/noticias\/wp-json\/wp\/v2\/categories?post=13139"},{"taxonomy":"post_tag","embeddable":true,"href":"https:\/\/blogdorogeriogomes.com.br\/noticias\/wp-json\/wp\/v2\/tags?post=13139"}],"curies":[{"name":"wp","href":"https:\/\/api.w.org\/{rel}","templated":true}]}}