{"id":13142,"date":"2019-06-26T08:42:19","date_gmt":"2019-06-26T08:42:19","guid":{"rendered":"http:\/\/blogdorogeriogomes.com.br\/?p=13142"},"modified":"2019-06-26T08:42:19","modified_gmt":"2019-06-26T08:42:19","slug":"codigo-da-cidade-passa-em-primeira-discussao-na-camara-municipal-de-fortaleza","status":"publish","type":"post","link":"https:\/\/blogdorogeriogomes.com.br\/noticias\/2019\/06\/codigo-da-cidade-passa-em-primeira-discussao-na-camara-municipal-de-fortaleza\/","title":{"rendered":"C\u00f3digo da Cidade passa em primeira discuss\u00e3o na C\u00e2mara Municipal de Fortaleza"},"content":{"rendered":"<p><img loading=\"lazy\" decoding=\"async\" class=\"alignnone size-medium wp-image-13143\" src=\"http:\/\/blogdorogeriogomes.com.br\/wp-content\/uploads\/2019\/06\/IMG_20190626_053935_235-300x166.jpg\" alt=\"IMG_20190626_053935_235\" width=\"300\" height=\"166\" srcset=\"https:\/\/blogdorogeriogomes.com.br\/noticias\/wp-content\/uploads\/2019\/06\/IMG_20190626_053935_235-300x166.jpg 300w, https:\/\/blogdorogeriogomes.com.br\/noticias\/wp-content\/uploads\/2019\/06\/IMG_20190626_053935_235.jpg 696w\" sizes=\"auto, (max-width: 300px) 100vw, 300px\" \/><\/p>\n<p>O novo C\u00f3digo da Cidade passou pela aprecia\u00e7\u00e3o dos vereadores de Fortaleza em primeira discuss\u00e3o, nesta ter\u00e7a-feira, dia 25 de junho, na C\u00e2mara Municipal. O C\u00f3digo da Cidade determina novo disciplinamento na implanta\u00e7\u00e3o de empreendimentos na Capital. Al\u00e9m do Alvar\u00e1 Social, proposto pelo Executivo que isenta o pagamento de ONGs e empresas do terceiro setor, o C\u00f3digo da Cidade tamb\u00e9m tr\u00e1s outras novidades.<br \/>\nPor exemplo, disp\u00f5e sobre a instala\u00e7\u00e3o de postes nos logradouros p\u00fablicos. De acordo com o texto, os fios de distribui\u00e7\u00e3o de energia el\u00e9trica, telefonia, internet, televis\u00e3o a cabo e outras atividades similares dever\u00e3o ser subterr\u00e2neos at\u00e9 2034. A instala\u00e7\u00e3o de fios a\u00e9reos fica proibida a partir de agora, com exce\u00e7\u00e3o dos cabos de alta tens\u00e3o.<\/p>\n","protected":false},"excerpt":{"rendered":"<p>O novo C\u00f3digo da Cidade passou pela aprecia\u00e7\u00e3o dos vereadores de Fortaleza em primeira discuss\u00e3o, nesta ter\u00e7a-feira, dia 25 de junho, na C\u00e2mara Municipal. O C\u00f3digo da Cidade determina novo disciplinamento na implanta\u00e7\u00e3o de empreendimentos na Capital. Al\u00e9m do Alvar\u00e1 Social, proposto pelo Executivo que isenta o pagamento de ONGs e empresas do terceiro setor, o C\u00f3digo da Cidade tamb\u00e9m tr\u00e1s outras novidades. Por exemplo, disp\u00f5e sobre a instala\u00e7\u00e3o de postes nos logradouros p\u00fablicos. De acordo com o texto,&hellip;<\/p>\n","protected":false},"author":1,"featured_media":0,"comment_status":"open","ping_status":"open","sticky":false,"template":"","format":"standard","meta":{"footnotes":""},"categories":[1],"tags":[],"class_list":["post-13142","post","type-post","status-publish","format-standard","hentry","category-noticias"],"_links":{"self":[{"href":"https:\/\/blogdorogeriogomes.com.br\/noticias\/wp-json\/wp\/v2\/posts\/13142","targetHints":{"allow":["GET"]}}],"collection":[{"href":"https:\/\/blogdorogeriogomes.com.br\/noticias\/wp-json\/wp\/v2\/posts"}],"about":[{"href":"https:\/\/blogdorogeriogomes.com.br\/noticias\/wp-json\/wp\/v2\/types\/post"}],"author":[{"embeddable":true,"href":"https:\/\/blogdorogeriogomes.com.br\/noticias\/wp-json\/wp\/v2\/users\/1"}],"replies":[{"embeddable":true,"href":"https:\/\/blogdorogeriogomes.com.br\/noticias\/wp-json\/wp\/v2\/comments?post=13142"}],"version-history":[{"count":1,"href":"https:\/\/blogdorogeriogomes.com.br\/noticias\/wp-json\/wp\/v2\/posts\/13142\/revisions"}],"predecessor-version":[{"id":13144,"href":"https:\/\/blogdorogeriogomes.com.br\/noticias\/wp-json\/wp\/v2\/posts\/13142\/revisions\/13144"}],"wp:attachment":[{"href":"https:\/\/blogdorogeriogomes.com.br\/noticias\/wp-json\/wp\/v2\/media?parent=13142"}],"wp:term":[{"taxonomy":"category","embeddable":true,"href":"https:\/\/blogdorogeriogomes.com.br\/noticias\/wp-json\/wp\/v2\/categories?post=13142"},{"taxonomy":"post_tag","embeddable":true,"href":"https:\/\/blogdorogeriogomes.com.br\/noticias\/wp-json\/wp\/v2\/tags?post=13142"}],"curies":[{"name":"wp","href":"https:\/\/api.w.org\/{rel}","templated":true}]}}