{"id":13145,"date":"2019-06-26T08:55:13","date_gmt":"2019-06-26T08:55:13","guid":{"rendered":"http:\/\/blogdorogeriogomes.com.br\/?p=13145"},"modified":"2019-06-26T08:55:13","modified_gmt":"2019-06-26T08:55:13","slug":"camilo-confirma-servicos-de-recuperacao-em-rodovias-estaduais-a-partir-da-proxima-semana","status":"publish","type":"post","link":"https:\/\/blogdorogeriogomes.com.br\/noticias\/2019\/06\/camilo-confirma-servicos-de-recuperacao-em-rodovias-estaduais-a-partir-da-proxima-semana\/","title":{"rendered":"Camilo confirma servi\u00e7os de recupera\u00e7\u00e3o em rodovias estaduais a partir da pr\u00f3xima semana"},"content":{"rendered":"<p><img loading=\"lazy\" decoding=\"async\" class=\"alignnone size-medium wp-image-13146\" src=\"http:\/\/blogdorogeriogomes.com.br\/wp-content\/uploads\/2019\/06\/IMG_20190626_055124_543-300x225.jpg\" alt=\"IMG_20190626_055124_543\" width=\"300\" height=\"225\" srcset=\"https:\/\/blogdorogeriogomes.com.br\/noticias\/wp-content\/uploads\/2019\/06\/IMG_20190626_055124_543-300x225.jpg 300w, https:\/\/blogdorogeriogomes.com.br\/noticias\/wp-content\/uploads\/2019\/06\/IMG_20190626_055124_543.jpg 640w\" sizes=\"auto, (max-width: 300px) 100vw, 300px\" \/><\/p>\n<p>Terminada a quadra chuvosa de 2019, o governador do Cear\u00e1, Camilo Santana, anunciou nesta ter\u00e7a-feira, dia 25 de junho, o in\u00edcio da recupera\u00e7\u00e3o de cerca de 1.640 quil\u00f4metros de estradas estaduais. Os servi\u00e7os devem come\u00e7ar at\u00e9 a pr\u00f3xima semana.<br \/>\nDevem ser recuperados, de forma priorit\u00e1ria, 57 trechos de estradas. A meta \u00e9 reformar e sinalizar os trechos no prazo de seis meses. O investimento \u00e9 de mais de R$ 153 milh\u00f5es de reais.<br \/>\nO governador Camilo Santana ressalta que 123 km de obras de duplica\u00e7\u00e3o, al\u00e9m de mais de 323 km de implanta\u00e7\u00e3o de novas rodovias estaduais, j\u00e1 est\u00e3o com obras em andamento no interior do Estado.<\/p>\n","protected":false},"excerpt":{"rendered":"<p>Terminada a quadra chuvosa de 2019, o governador do Cear\u00e1, Camilo Santana, anunciou nesta ter\u00e7a-feira, dia 25 de junho, o in\u00edcio da recupera\u00e7\u00e3o de cerca de 1.640 quil\u00f4metros de estradas estaduais. Os servi\u00e7os devem come\u00e7ar at\u00e9 a pr\u00f3xima semana. Devem ser recuperados, de forma priorit\u00e1ria, 57 trechos de estradas. A meta \u00e9 reformar e sinalizar os trechos no prazo de seis meses. O investimento \u00e9 de mais de R$ 153 milh\u00f5es de reais. O governador Camilo Santana ressalta que&hellip;<\/p>\n","protected":false},"author":1,"featured_media":0,"comment_status":"open","ping_status":"open","sticky":false,"template":"","format":"standard","meta":{"footnotes":""},"categories":[1],"tags":[],"class_list":["post-13145","post","type-post","status-publish","format-standard","hentry","category-noticias"],"_links":{"self":[{"href":"https:\/\/blogdorogeriogomes.com.br\/noticias\/wp-json\/wp\/v2\/posts\/13145","targetHints":{"allow":["GET"]}}],"collection":[{"href":"https:\/\/blogdorogeriogomes.com.br\/noticias\/wp-json\/wp\/v2\/posts"}],"about":[{"href":"https:\/\/blogdorogeriogomes.com.br\/noticias\/wp-json\/wp\/v2\/types\/post"}],"author":[{"embeddable":true,"href":"https:\/\/blogdorogeriogomes.com.br\/noticias\/wp-json\/wp\/v2\/users\/1"}],"replies":[{"embeddable":true,"href":"https:\/\/blogdorogeriogomes.com.br\/noticias\/wp-json\/wp\/v2\/comments?post=13145"}],"version-history":[{"count":1,"href":"https:\/\/blogdorogeriogomes.com.br\/noticias\/wp-json\/wp\/v2\/posts\/13145\/revisions"}],"predecessor-version":[{"id":13147,"href":"https:\/\/blogdorogeriogomes.com.br\/noticias\/wp-json\/wp\/v2\/posts\/13145\/revisions\/13147"}],"wp:attachment":[{"href":"https:\/\/blogdorogeriogomes.com.br\/noticias\/wp-json\/wp\/v2\/media?parent=13145"}],"wp:term":[{"taxonomy":"category","embeddable":true,"href":"https:\/\/blogdorogeriogomes.com.br\/noticias\/wp-json\/wp\/v2\/categories?post=13145"},{"taxonomy":"post_tag","embeddable":true,"href":"https:\/\/blogdorogeriogomes.com.br\/noticias\/wp-json\/wp\/v2\/tags?post=13145"}],"curies":[{"name":"wp","href":"https:\/\/api.w.org\/{rel}","templated":true}]}}