{"id":13148,"date":"2019-06-26T21:02:06","date_gmt":"2019-06-26T21:02:06","guid":{"rendered":"http:\/\/blogdorogeriogomes.com.br\/?p=13148"},"modified":"2019-06-26T21:02:06","modified_gmt":"2019-06-26T21:02:06","slug":"militar-brasileiro-preso-com-cocaina-na-espanha-em-aviao-da-fab-ja-fez-outras-viagens-internacionais","status":"publish","type":"post","link":"https:\/\/blogdorogeriogomes.com.br\/noticias\/2019\/06\/militar-brasileiro-preso-com-cocaina-na-espanha-em-aviao-da-fab-ja-fez-outras-viagens-internacionais\/","title":{"rendered":"Militar brasileiro preso com coca\u00edna na Espanha em avi\u00e3o da FAB j\u00e1 fez outras viagens internacionais"},"content":{"rendered":"<p><img loading=\"lazy\" decoding=\"async\" class=\"alignnone size-medium wp-image-13149\" src=\"http:\/\/blogdorogeriogomes.com.br\/wp-content\/uploads\/2019\/06\/IMG_20190626_175155_852-300x184.jpg\" alt=\"IMG_20190626_175155_852\" width=\"300\" height=\"184\" srcset=\"https:\/\/blogdorogeriogomes.com.br\/noticias\/wp-content\/uploads\/2019\/06\/IMG_20190626_175155_852-300x184.jpg 300w, https:\/\/blogdorogeriogomes.com.br\/noticias\/wp-content\/uploads\/2019\/06\/IMG_20190626_175155_852.jpg 698w\" sizes=\"auto, (max-width: 300px) 100vw, 300px\" \/><\/p>\n<p>O segundo-sargento da Aeron\u00e1utica Manoel Silva Rodrigues \u00e9 o militar que foi preso na manh\u00e3 desta ter\u00e7a-feira, dia 25 de junho, pela pol\u00edcia espanhola, no aeroporto de Sevilha, na Espanha, suspeito de tr\u00e1fico de drogas. Ele era tripulante do voo que transportava a equipe avan\u00e7ada de transporte que dava apoio \u00e0 comitiva do presidente Jair Bolsonaro. Ele foi flagrado com 39 quilos de coca\u00edna divididos em 37 pacotes em sua mala.<br \/>\nIntegrante do Grupo de Transporte Especial (GTE), baseado em Bras\u00edlia, ele esteve ainda em outras viagens internacionais com integrantes do governo. O avi\u00e3o presidencial, com Jair Bolsonaro \u00e0 bordo, faria escala na mesma cidade espanhola antes de seguir para o Jap\u00e3o, mas, ap\u00f3s a pris\u00e3o do militar, seguiu para Portugal.<br \/>\nOs senadores Randolfe Rodrigues (Rede-AP) e Wetervon Rocha (PDT-MA) apresentaram nesta quarta-feira, dia 26, requerimento para convidar o ministro-chefe do Gabinete de Seguran\u00e7a Institucional, general Augusto Heleno, para prestar esclarecimentos \u00e0 Comiss\u00e3o de Constitui\u00e7\u00e3o e Justi\u00e7a do Senado sobre o sargento da Aeron\u00e1utica preso por transportar drogas na bagagem em avi\u00e3o da For\u00e7a A\u00e9rea Brasileira (FAB).<\/p>\n","protected":false},"excerpt":{"rendered":"<p>O segundo-sargento da Aeron\u00e1utica Manoel Silva Rodrigues \u00e9 o militar que foi preso na manh\u00e3 desta ter\u00e7a-feira, dia 25 de junho, pela pol\u00edcia espanhola, no aeroporto de Sevilha, na Espanha, suspeito de tr\u00e1fico de drogas. Ele era tripulante do voo que transportava a equipe avan\u00e7ada de transporte que dava apoio \u00e0 comitiva do presidente Jair Bolsonaro. Ele foi flagrado com 39 quilos de coca\u00edna divididos em 37 pacotes em sua mala. Integrante do Grupo de Transporte Especial (GTE), baseado&hellip;<\/p>\n","protected":false},"author":1,"featured_media":0,"comment_status":"open","ping_status":"open","sticky":false,"template":"","format":"standard","meta":{"footnotes":""},"categories":[1],"tags":[],"class_list":["post-13148","post","type-post","status-publish","format-standard","hentry","category-noticias"],"_links":{"self":[{"href":"https:\/\/blogdorogeriogomes.com.br\/noticias\/wp-json\/wp\/v2\/posts\/13148","targetHints":{"allow":["GET"]}}],"collection":[{"href":"https:\/\/blogdorogeriogomes.com.br\/noticias\/wp-json\/wp\/v2\/posts"}],"about":[{"href":"https:\/\/blogdorogeriogomes.com.br\/noticias\/wp-json\/wp\/v2\/types\/post"}],"author":[{"embeddable":true,"href":"https:\/\/blogdorogeriogomes.com.br\/noticias\/wp-json\/wp\/v2\/users\/1"}],"replies":[{"embeddable":true,"href":"https:\/\/blogdorogeriogomes.com.br\/noticias\/wp-json\/wp\/v2\/comments?post=13148"}],"version-history":[{"count":1,"href":"https:\/\/blogdorogeriogomes.com.br\/noticias\/wp-json\/wp\/v2\/posts\/13148\/revisions"}],"predecessor-version":[{"id":13150,"href":"https:\/\/blogdorogeriogomes.com.br\/noticias\/wp-json\/wp\/v2\/posts\/13148\/revisions\/13150"}],"wp:attachment":[{"href":"https:\/\/blogdorogeriogomes.com.br\/noticias\/wp-json\/wp\/v2\/media?parent=13148"}],"wp:term":[{"taxonomy":"category","embeddable":true,"href":"https:\/\/blogdorogeriogomes.com.br\/noticias\/wp-json\/wp\/v2\/categories?post=13148"},{"taxonomy":"post_tag","embeddable":true,"href":"https:\/\/blogdorogeriogomes.com.br\/noticias\/wp-json\/wp\/v2\/tags?post=13148"}],"curies":[{"name":"wp","href":"https:\/\/api.w.org\/{rel}","templated":true}]}}