{"id":13151,"date":"2019-06-26T23:51:07","date_gmt":"2019-06-26T23:51:07","guid":{"rendered":"http:\/\/blogdorogeriogomes.com.br\/?p=13151"},"modified":"2019-06-26T23:51:07","modified_gmt":"2019-06-26T23:51:07","slug":"prefeitura-da-capital-inicia-conjunto-de-obras-de-infraestrutura-em-30-bairros","status":"publish","type":"post","link":"https:\/\/blogdorogeriogomes.com.br\/noticias\/2019\/06\/prefeitura-da-capital-inicia-conjunto-de-obras-de-infraestrutura-em-30-bairros\/","title":{"rendered":"Prefeitura da Capital inicia conjunto de obras de infraestrutura em 30 bairros"},"content":{"rendered":"<p><img loading=\"lazy\" decoding=\"async\" class=\"alignnone size-medium wp-image-13152\" src=\"http:\/\/blogdorogeriogomes.com.br\/wp-content\/uploads\/2019\/06\/IMG_20190626_204703_212-300x177.jpg\" alt=\"IMG_20190626_204703_212\" width=\"300\" height=\"177\" srcset=\"https:\/\/blogdorogeriogomes.com.br\/noticias\/wp-content\/uploads\/2019\/06\/IMG_20190626_204703_212-300x177.jpg 300w, https:\/\/blogdorogeriogomes.com.br\/noticias\/wp-content\/uploads\/2019\/06\/IMG_20190626_204703_212-768x452.jpg 768w, https:\/\/blogdorogeriogomes.com.br\/noticias\/wp-content\/uploads\/2019\/06\/IMG_20190626_204703_212-1024x603.jpg 1024w, https:\/\/blogdorogeriogomes.com.br\/noticias\/wp-content\/uploads\/2019\/06\/IMG_20190626_204703_212.jpg 1915w\" sizes=\"auto, (max-width: 300px) 100vw, 300px\" \/><\/p>\n<p>A Prefeitura de Fortaleza vai iniciar um conjunto de obras de infraestrutura or\u00e7adas em R$ 580 milh\u00f5es, com servi\u00e7os de drenagem, saneamento, mobilidade, al\u00e9m da constru\u00e7\u00e3o de novos equipamentos de Educa\u00e7\u00e3o e Esporte em \u00e1reas carentes da Capital. O Programa de Infraestrutura em Educa\u00e7\u00e3o e Saneamento de Fortaleza foi lan\u00e7ado pelo prefeito Roberto Cl\u00e1udio nesta quarta-feira, dia 26 de junho.<br \/>\nAs obras ser\u00e3o executadas pela Secretaria Municipal da Infraestrutura e ter\u00e3o in\u00edcio em setembro deste ano, oferecendo urbaniza\u00e7\u00e3o nas \u00e1reas de assentamentos prec\u00e1rios, com a execu\u00e7\u00e3o de obras de saneamento e esgotamento a cerca de 30 bairros carentes.<br \/>\nAs obras dever\u00e3o focar com maior urg\u00eancia as comunidades com menores \u00cdndices de Desenvolvimento Humano (IDH), como Che Guevara, Unidos Venceremos, Jardim Violeta, Maria Tom\u00e1sia, Lago Azul, 3 de Junho, Nova Assun\u00e7\u00e3o, S\u00e3o Miguel, Santa F\u00e9, Jagat\u00e1, Planalto Vit\u00f3ria, Alto Alegre, Renascer, Marrocos e S\u00edtio S\u00e3o Jo\u00e3o. Ser\u00e3o 950 vias, cerca de 66 km, que receber\u00e3o pavimenta\u00e7\u00e3o e drenagem.<\/p>\n","protected":false},"excerpt":{"rendered":"<p>A Prefeitura de Fortaleza vai iniciar um conjunto de obras de infraestrutura or\u00e7adas em R$ 580 milh\u00f5es, com servi\u00e7os de drenagem, saneamento, mobilidade, al\u00e9m da constru\u00e7\u00e3o de novos equipamentos de Educa\u00e7\u00e3o e Esporte em \u00e1reas carentes da Capital. O Programa de Infraestrutura em Educa\u00e7\u00e3o e Saneamento de Fortaleza foi lan\u00e7ado pelo prefeito Roberto Cl\u00e1udio nesta quarta-feira, dia 26 de junho. As obras ser\u00e3o executadas pela Secretaria Municipal da Infraestrutura e ter\u00e3o in\u00edcio em setembro deste ano, oferecendo urbaniza\u00e7\u00e3o nas&hellip;<\/p>\n","protected":false},"author":1,"featured_media":0,"comment_status":"open","ping_status":"open","sticky":false,"template":"","format":"standard","meta":{"footnotes":""},"categories":[1],"tags":[],"class_list":["post-13151","post","type-post","status-publish","format-standard","hentry","category-noticias"],"_links":{"self":[{"href":"https:\/\/blogdorogeriogomes.com.br\/noticias\/wp-json\/wp\/v2\/posts\/13151","targetHints":{"allow":["GET"]}}],"collection":[{"href":"https:\/\/blogdorogeriogomes.com.br\/noticias\/wp-json\/wp\/v2\/posts"}],"about":[{"href":"https:\/\/blogdorogeriogomes.com.br\/noticias\/wp-json\/wp\/v2\/types\/post"}],"author":[{"embeddable":true,"href":"https:\/\/blogdorogeriogomes.com.br\/noticias\/wp-json\/wp\/v2\/users\/1"}],"replies":[{"embeddable":true,"href":"https:\/\/blogdorogeriogomes.com.br\/noticias\/wp-json\/wp\/v2\/comments?post=13151"}],"version-history":[{"count":1,"href":"https:\/\/blogdorogeriogomes.com.br\/noticias\/wp-json\/wp\/v2\/posts\/13151\/revisions"}],"predecessor-version":[{"id":13153,"href":"https:\/\/blogdorogeriogomes.com.br\/noticias\/wp-json\/wp\/v2\/posts\/13151\/revisions\/13153"}],"wp:attachment":[{"href":"https:\/\/blogdorogeriogomes.com.br\/noticias\/wp-json\/wp\/v2\/media?parent=13151"}],"wp:term":[{"taxonomy":"category","embeddable":true,"href":"https:\/\/blogdorogeriogomes.com.br\/noticias\/wp-json\/wp\/v2\/categories?post=13151"},{"taxonomy":"post_tag","embeddable":true,"href":"https:\/\/blogdorogeriogomes.com.br\/noticias\/wp-json\/wp\/v2\/tags?post=13151"}],"curies":[{"name":"wp","href":"https:\/\/api.w.org\/{rel}","templated":true}]}}