{"id":13154,"date":"2019-06-27T09:08:17","date_gmt":"2019-06-27T09:08:17","guid":{"rendered":"http:\/\/blogdorogeriogomes.com.br\/?p=13154"},"modified":"2019-06-27T09:08:17","modified_gmt":"2019-06-27T09:08:17","slug":"ccj-da-camara-faz-novo-convite-para-ouvir-sergio-moro-sobre-conversas-vazadas","status":"publish","type":"post","link":"https:\/\/blogdorogeriogomes.com.br\/noticias\/2019\/06\/ccj-da-camara-faz-novo-convite-para-ouvir-sergio-moro-sobre-conversas-vazadas\/","title":{"rendered":"CCJ da C\u00e2mara faz novo convite para ouvir S\u00e9rgio Moro sobre conversas vazadas"},"content":{"rendered":"<p><img loading=\"lazy\" decoding=\"async\" class=\"alignnone size-medium wp-image-13155\" src=\"http:\/\/blogdorogeriogomes.com.br\/wp-content\/uploads\/2019\/06\/IMG_20190627_060212_971-300x243.jpg\" alt=\"IMG_20190627_060212_971\" width=\"300\" height=\"243\" srcset=\"https:\/\/blogdorogeriogomes.com.br\/noticias\/wp-content\/uploads\/2019\/06\/IMG_20190627_060212_971-300x243.jpg 300w, https:\/\/blogdorogeriogomes.com.br\/noticias\/wp-content\/uploads\/2019\/06\/IMG_20190627_060212_971.jpg 631w\" sizes=\"auto, (max-width: 300px) 100vw, 300px\" \/><\/p>\n<p>A Comiss\u00e3o de Constitui\u00e7\u00e3o e Justi\u00e7a da C\u00e2mara Federal aprovou nesta quarta-feira, dia 26 de junho, um convite para o ministro da Justi\u00e7a, Sergio Moro, comparecer ao colegiado.<br \/>\nAssim como aconteceu no Senado na semana passada, a ideia \u00e9 que Moro d\u00ea explica\u00e7\u00f5es sobre as mensagens trocadas entre ele e procuradores da Lava Jato, reveladas pelo site The Intercept Brasil.<br \/>\nO requerimento foi apresentado por um governista, Darc\u00edsio Perondi (MDB-RS), com car\u00e1ter de formalidade para evitar que fosse votado um requerimento da oposi\u00e7\u00e3o, que poderia levar a uma convoca\u00e7\u00e3o.<br \/>\nO presidente da CCJ, Felipe Francischini (PSL-PR), j\u00e1 havia combinado com a equipe de Moro que a audi\u00eancia p\u00fablica seria realizada na pr\u00f3xima ter\u00e7a-feira, dia 2 de julho.<\/p>\n","protected":false},"excerpt":{"rendered":"<p>A Comiss\u00e3o de Constitui\u00e7\u00e3o e Justi\u00e7a da C\u00e2mara Federal aprovou nesta quarta-feira, dia 26 de junho, um convite para o ministro da Justi\u00e7a, Sergio Moro, comparecer ao colegiado. Assim como aconteceu no Senado na semana passada, a ideia \u00e9 que Moro d\u00ea explica\u00e7\u00f5es sobre as mensagens trocadas entre ele e procuradores da Lava Jato, reveladas pelo site The Intercept Brasil. O requerimento foi apresentado por um governista, Darc\u00edsio Perondi (MDB-RS), com car\u00e1ter de formalidade para evitar que fosse votado&hellip;<\/p>\n","protected":false},"author":1,"featured_media":0,"comment_status":"open","ping_status":"open","sticky":false,"template":"","format":"standard","meta":{"footnotes":""},"categories":[1],"tags":[],"class_list":["post-13154","post","type-post","status-publish","format-standard","hentry","category-noticias"],"_links":{"self":[{"href":"https:\/\/blogdorogeriogomes.com.br\/noticias\/wp-json\/wp\/v2\/posts\/13154","targetHints":{"allow":["GET"]}}],"collection":[{"href":"https:\/\/blogdorogeriogomes.com.br\/noticias\/wp-json\/wp\/v2\/posts"}],"about":[{"href":"https:\/\/blogdorogeriogomes.com.br\/noticias\/wp-json\/wp\/v2\/types\/post"}],"author":[{"embeddable":true,"href":"https:\/\/blogdorogeriogomes.com.br\/noticias\/wp-json\/wp\/v2\/users\/1"}],"replies":[{"embeddable":true,"href":"https:\/\/blogdorogeriogomes.com.br\/noticias\/wp-json\/wp\/v2\/comments?post=13154"}],"version-history":[{"count":1,"href":"https:\/\/blogdorogeriogomes.com.br\/noticias\/wp-json\/wp\/v2\/posts\/13154\/revisions"}],"predecessor-version":[{"id":13156,"href":"https:\/\/blogdorogeriogomes.com.br\/noticias\/wp-json\/wp\/v2\/posts\/13154\/revisions\/13156"}],"wp:attachment":[{"href":"https:\/\/blogdorogeriogomes.com.br\/noticias\/wp-json\/wp\/v2\/media?parent=13154"}],"wp:term":[{"taxonomy":"category","embeddable":true,"href":"https:\/\/blogdorogeriogomes.com.br\/noticias\/wp-json\/wp\/v2\/categories?post=13154"},{"taxonomy":"post_tag","embeddable":true,"href":"https:\/\/blogdorogeriogomes.com.br\/noticias\/wp-json\/wp\/v2\/tags?post=13154"}],"curies":[{"name":"wp","href":"https:\/\/api.w.org\/{rel}","templated":true}]}}