{"id":13157,"date":"2019-06-27T09:21:25","date_gmt":"2019-06-27T09:21:25","guid":{"rendered":"http:\/\/blogdorogeriogomes.com.br\/?p=13157"},"modified":"2019-06-27T09:21:25","modified_gmt":"2019-06-27T09:21:25","slug":"camilo-santana-assina-financiamento-com-banco-alemao-para-o-aguas-do-sertao","status":"publish","type":"post","link":"https:\/\/blogdorogeriogomes.com.br\/noticias\/2019\/06\/camilo-santana-assina-financiamento-com-banco-alemao-para-o-aguas-do-sertao\/","title":{"rendered":"Camilo Santana assina financiamento com Banco Alem\u00e3o para o &#8220;\u00c1guas do Sert\u00e3o&#8221;"},"content":{"rendered":"<p><img loading=\"lazy\" decoding=\"async\" class=\"alignnone size-medium wp-image-13158\" src=\"http:\/\/blogdorogeriogomes.com.br\/wp-content\/uploads\/2019\/06\/IMG_20190627_061702_965-300x232.jpg\" alt=\"IMG_20190627_061702_965\" width=\"300\" height=\"232\" srcset=\"https:\/\/blogdorogeriogomes.com.br\/noticias\/wp-content\/uploads\/2019\/06\/IMG_20190627_061702_965-300x232.jpg 300w, https:\/\/blogdorogeriogomes.com.br\/noticias\/wp-content\/uploads\/2019\/06\/IMG_20190627_061702_965-768x593.jpg 768w, https:\/\/blogdorogeriogomes.com.br\/noticias\/wp-content\/uploads\/2019\/06\/IMG_20190627_061702_965.jpg 933w\" sizes=\"auto, (max-width: 300px) 100vw, 300px\" \/><\/p>\n<p>O governador Camilo Santana assinou na manh\u00e3 desta quarta-feira, dia 26 de junho, em Bras\u00edlia, financiamento de 50 milh\u00f5es de euros com o Banco Alem\u00e3o de Desenvolvimento (KFW) para implementa\u00e7\u00e3o do Programa \u00c1guas do Sert\u00e3o. Com contrapartida de 12,5 milh\u00f5es de euros do Governo do Estado, o programa receber\u00e1 investimento total de 62,5 milh\u00f5es de euros.<br \/>\nO programa vai beneficiar cerca de 200 mil pessoas e tem por objetivo fortalecer a resili\u00eancia da popula\u00e7\u00e3o rural do Estado \u00e0s secas e escassez de \u00e1gua, melhorando as condi\u00e7\u00f5es de sa\u00fade e qualidade de vida, por meio de solu\u00e7\u00f5es de abastecimento de \u00e1gua e esgotamento sanit\u00e1rio. \u201cO financiamento vai ampliar a oferta de servi\u00e7os de \u00e1gua, principalmente, nas \u00e1reas mais afastadas do Cear\u00e1\u201d, salientou o governador.<\/p>\n","protected":false},"excerpt":{"rendered":"<p>O governador Camilo Santana assinou na manh\u00e3 desta quarta-feira, dia 26 de junho, em Bras\u00edlia, financiamento de 50 milh\u00f5es de euros com o Banco Alem\u00e3o de Desenvolvimento (KFW) para implementa\u00e7\u00e3o do Programa \u00c1guas do Sert\u00e3o. Com contrapartida de 12,5 milh\u00f5es de euros do Governo do Estado, o programa receber\u00e1 investimento total de 62,5 milh\u00f5es de euros. O programa vai beneficiar cerca de 200 mil pessoas e tem por objetivo fortalecer a resili\u00eancia da popula\u00e7\u00e3o rural do Estado \u00e0s secas&hellip;<\/p>\n","protected":false},"author":1,"featured_media":0,"comment_status":"open","ping_status":"open","sticky":false,"template":"","format":"standard","meta":{"footnotes":""},"categories":[1],"tags":[],"class_list":["post-13157","post","type-post","status-publish","format-standard","hentry","category-noticias"],"_links":{"self":[{"href":"https:\/\/blogdorogeriogomes.com.br\/noticias\/wp-json\/wp\/v2\/posts\/13157","targetHints":{"allow":["GET"]}}],"collection":[{"href":"https:\/\/blogdorogeriogomes.com.br\/noticias\/wp-json\/wp\/v2\/posts"}],"about":[{"href":"https:\/\/blogdorogeriogomes.com.br\/noticias\/wp-json\/wp\/v2\/types\/post"}],"author":[{"embeddable":true,"href":"https:\/\/blogdorogeriogomes.com.br\/noticias\/wp-json\/wp\/v2\/users\/1"}],"replies":[{"embeddable":true,"href":"https:\/\/blogdorogeriogomes.com.br\/noticias\/wp-json\/wp\/v2\/comments?post=13157"}],"version-history":[{"count":1,"href":"https:\/\/blogdorogeriogomes.com.br\/noticias\/wp-json\/wp\/v2\/posts\/13157\/revisions"}],"predecessor-version":[{"id":13159,"href":"https:\/\/blogdorogeriogomes.com.br\/noticias\/wp-json\/wp\/v2\/posts\/13157\/revisions\/13159"}],"wp:attachment":[{"href":"https:\/\/blogdorogeriogomes.com.br\/noticias\/wp-json\/wp\/v2\/media?parent=13157"}],"wp:term":[{"taxonomy":"category","embeddable":true,"href":"https:\/\/blogdorogeriogomes.com.br\/noticias\/wp-json\/wp\/v2\/categories?post=13157"},{"taxonomy":"post_tag","embeddable":true,"href":"https:\/\/blogdorogeriogomes.com.br\/noticias\/wp-json\/wp\/v2\/tags?post=13157"}],"curies":[{"name":"wp","href":"https:\/\/api.w.org\/{rel}","templated":true}]}}