{"id":13160,"date":"2019-06-27T14:20:01","date_gmt":"2019-06-27T14:20:01","guid":{"rendered":"http:\/\/blogdorogeriogomes.com.br\/?p=13160"},"modified":"2019-06-27T14:20:01","modified_gmt":"2019-06-27T14:20:01","slug":"assessores-do-ministro-do-turismo-sao-presos-pela-pf-no-caso-dos-laranjas-do-psl","status":"publish","type":"post","link":"https:\/\/blogdorogeriogomes.com.br\/noticias\/2019\/06\/assessores-do-ministro-do-turismo-sao-presos-pela-pf-no-caso-dos-laranjas-do-psl\/","title":{"rendered":"Assessores do ministro do Turismo s\u00e3o presos pela PF no caso dos &#8220;laranjas&#8221; do PSL"},"content":{"rendered":"<p><img loading=\"lazy\" decoding=\"async\" class=\"alignnone size-medium wp-image-13161\" src=\"http:\/\/blogdorogeriogomes.com.br\/wp-content\/uploads\/2019\/06\/IMG_20190627_111557_810-300x200.jpg\" alt=\"IMG_20190627_111557_810\" width=\"300\" height=\"200\" srcset=\"https:\/\/blogdorogeriogomes.com.br\/noticias\/wp-content\/uploads\/2019\/06\/IMG_20190627_111557_810-300x200.jpg 300w, https:\/\/blogdorogeriogomes.com.br\/noticias\/wp-content\/uploads\/2019\/06\/IMG_20190627_111557_810.jpg 678w\" sizes=\"auto, (max-width: 300px) 100vw, 300px\" \/><\/p>\n<p>Mais um problema para o presidente Jair Bolsonaro resolver, mesmo em viagem internacional. A Pol\u00edcia Federal prendeu na manh\u00e3 desta quinta-feira, dia 27 de junho, em Bras\u00edlia e em Minas Gerais um assessor especial e dois ex-assessores do ministro do Turismo, Marcelo \u00c1lvaro Ant\u00f4nio, em raz\u00e3o de investiga\u00e7\u00e3o sobre candidaturas de laranjas do PSL na elei\u00e7\u00e3o de 2018. As pris\u00f5es aumentam a press\u00e3o sobre o ministro.<br \/>\nA a\u00e7\u00e3o da Pol\u00edcia Federal \u00e9 decorr\u00eancia da apura\u00e7\u00e3o sobre caso dos laranjas. Os mandados de pris\u00e3o tempor\u00e1ria e de busca e apreens\u00e3o foram autorizados pela Justi\u00e7a de Minas Gerais. Foram apreendidos computadores e telefones celulares.<br \/>\nO presidente Jair Bolsonaro tem dito que a situa\u00e7\u00e3o do ministro do Turismo causa desgaste para o governo e que esperaria a conclus\u00e3o da apura\u00e7\u00e3o da PF para decidir o destino de \u00c1lvaro Ant\u00f4nio. O presidente est\u00e1 em viagem ao Jap\u00e3o e ainda n\u00e3o se manifestou sobre as pris\u00f5es.<\/p>\n","protected":false},"excerpt":{"rendered":"<p>Mais um problema para o presidente Jair Bolsonaro resolver, mesmo em viagem internacional. A Pol\u00edcia Federal prendeu na manh\u00e3 desta quinta-feira, dia 27 de junho, em Bras\u00edlia e em Minas Gerais um assessor especial e dois ex-assessores do ministro do Turismo, Marcelo \u00c1lvaro Ant\u00f4nio, em raz\u00e3o de investiga\u00e7\u00e3o sobre candidaturas de laranjas do PSL na elei\u00e7\u00e3o de 2018. As pris\u00f5es aumentam a press\u00e3o sobre o ministro. A a\u00e7\u00e3o da Pol\u00edcia Federal \u00e9 decorr\u00eancia da apura\u00e7\u00e3o sobre caso dos laranjas.&hellip;<\/p>\n","protected":false},"author":1,"featured_media":0,"comment_status":"open","ping_status":"open","sticky":false,"template":"","format":"standard","meta":{"footnotes":""},"categories":[1],"tags":[],"class_list":["post-13160","post","type-post","status-publish","format-standard","hentry","category-noticias"],"_links":{"self":[{"href":"https:\/\/blogdorogeriogomes.com.br\/noticias\/wp-json\/wp\/v2\/posts\/13160","targetHints":{"allow":["GET"]}}],"collection":[{"href":"https:\/\/blogdorogeriogomes.com.br\/noticias\/wp-json\/wp\/v2\/posts"}],"about":[{"href":"https:\/\/blogdorogeriogomes.com.br\/noticias\/wp-json\/wp\/v2\/types\/post"}],"author":[{"embeddable":true,"href":"https:\/\/blogdorogeriogomes.com.br\/noticias\/wp-json\/wp\/v2\/users\/1"}],"replies":[{"embeddable":true,"href":"https:\/\/blogdorogeriogomes.com.br\/noticias\/wp-json\/wp\/v2\/comments?post=13160"}],"version-history":[{"count":1,"href":"https:\/\/blogdorogeriogomes.com.br\/noticias\/wp-json\/wp\/v2\/posts\/13160\/revisions"}],"predecessor-version":[{"id":13162,"href":"https:\/\/blogdorogeriogomes.com.br\/noticias\/wp-json\/wp\/v2\/posts\/13160\/revisions\/13162"}],"wp:attachment":[{"href":"https:\/\/blogdorogeriogomes.com.br\/noticias\/wp-json\/wp\/v2\/media?parent=13160"}],"wp:term":[{"taxonomy":"category","embeddable":true,"href":"https:\/\/blogdorogeriogomes.com.br\/noticias\/wp-json\/wp\/v2\/categories?post=13160"},{"taxonomy":"post_tag","embeddable":true,"href":"https:\/\/blogdorogeriogomes.com.br\/noticias\/wp-json\/wp\/v2\/tags?post=13160"}],"curies":[{"name":"wp","href":"https:\/\/api.w.org\/{rel}","templated":true}]}}