{"id":13163,"date":"2019-06-27T21:14:59","date_gmt":"2019-06-27T21:14:59","guid":{"rendered":"http:\/\/blogdorogeriogomes.com.br\/?p=13163"},"modified":"2019-06-27T21:14:59","modified_gmt":"2019-06-27T21:14:59","slug":"uece-abre-selecao-publica-para-120-novos-professores-a-serem-lotados-na-capital-e-interior","status":"publish","type":"post","link":"https:\/\/blogdorogeriogomes.com.br\/noticias\/2019\/06\/uece-abre-selecao-publica-para-120-novos-professores-a-serem-lotados-na-capital-e-interior\/","title":{"rendered":"UECE abre sele\u00e7\u00e3o p\u00fablica para 120 novos professores a serem lotados na Capital e interior"},"content":{"rendered":"<p><img loading=\"lazy\" decoding=\"async\" class=\"alignnone size-medium wp-image-13164\" src=\"http:\/\/blogdorogeriogomes.com.br\/wp-content\/uploads\/2019\/06\/IMG_20190627_181046_933-300x298.jpg\" alt=\"IMG_20190627_181046_933\" width=\"300\" height=\"298\" srcset=\"https:\/\/blogdorogeriogomes.com.br\/noticias\/wp-content\/uploads\/2019\/06\/IMG_20190627_181046_933-300x298.jpg 300w, https:\/\/blogdorogeriogomes.com.br\/noticias\/wp-content\/uploads\/2019\/06\/IMG_20190627_181046_933-150x150.jpg 150w, https:\/\/blogdorogeriogomes.com.br\/noticias\/wp-content\/uploads\/2019\/06\/IMG_20190627_181046_933-768x763.jpg 768w, https:\/\/blogdorogeriogomes.com.br\/noticias\/wp-content\/uploads\/2019\/06\/IMG_20190627_181046_933.jpg 806w\" sizes=\"auto, (max-width: 300px) 100vw, 300px\" \/><\/p>\n<p>O Di\u00e1rio Oficial do Estado desta quarta-feira, dia 26 de junho, publicou edital de sele\u00e7\u00e3o p\u00fablica de professores substitutos e tempor\u00e1rios para a Universidade Estadual do Cear\u00e1 (Uece) com 26 e 94 vagas, respectivamente. A remunera\u00e7\u00e3o vai variar entre R$ 987,28 e R$ 5.641,54, dependendo da carga hor\u00e1ria, que poder\u00e1 ser de 20h e 40h.<br \/>\nAs inscri\u00e7\u00f5es ser\u00e3o feitas no per\u00edodo de 11 a 25 de julho e exclusivamente no site da institui\u00e7\u00e3o www.uece.br\/cev<br \/>\nOs professores substitutos e tempor\u00e1rios aprovados atuar\u00e3o nos centros de Ci\u00eancias da Sa\u00fade; Ci\u00eancias e Tecnologia; Estudos Sociais Aplicados; Humanidades; e Educa\u00e7\u00e3o, al\u00e9m das faculdades de Educa\u00e7\u00e3o Ci\u00eancias e Letras do Sert\u00e3o Central; de Educa\u00e7\u00e3o Ci\u00eancias e Letras de Iguatu; de Veterin\u00e1ria; de Filosofia Dom Aureliano Matos em Limoeiro do Norte; e de Educa\u00e7\u00e3o de Crate\u00fas. O Centro de Educa\u00e7\u00e3o, Ci\u00eancias e Tecnologia da Regi\u00e3o dos Inhamuns, em Tau\u00e1, tamb\u00e9m receber\u00e1 docentes selecionados.<\/p>\n","protected":false},"excerpt":{"rendered":"<p>O Di\u00e1rio Oficial do Estado desta quarta-feira, dia 26 de junho, publicou edital de sele\u00e7\u00e3o p\u00fablica de professores substitutos e tempor\u00e1rios para a Universidade Estadual do Cear\u00e1 (Uece) com 26 e 94 vagas, respectivamente. A remunera\u00e7\u00e3o vai variar entre R$ 987,28 e R$ 5.641,54, dependendo da carga hor\u00e1ria, que poder\u00e1 ser de 20h e 40h. As inscri\u00e7\u00f5es ser\u00e3o feitas no per\u00edodo de 11 a 25 de julho e exclusivamente no site da institui\u00e7\u00e3o www.uece.br\/cev Os professores substitutos e tempor\u00e1rios&hellip;<\/p>\n","protected":false},"author":1,"featured_media":0,"comment_status":"open","ping_status":"open","sticky":false,"template":"","format":"standard","meta":{"footnotes":""},"categories":[1],"tags":[],"class_list":["post-13163","post","type-post","status-publish","format-standard","hentry","category-noticias"],"_links":{"self":[{"href":"https:\/\/blogdorogeriogomes.com.br\/noticias\/wp-json\/wp\/v2\/posts\/13163","targetHints":{"allow":["GET"]}}],"collection":[{"href":"https:\/\/blogdorogeriogomes.com.br\/noticias\/wp-json\/wp\/v2\/posts"}],"about":[{"href":"https:\/\/blogdorogeriogomes.com.br\/noticias\/wp-json\/wp\/v2\/types\/post"}],"author":[{"embeddable":true,"href":"https:\/\/blogdorogeriogomes.com.br\/noticias\/wp-json\/wp\/v2\/users\/1"}],"replies":[{"embeddable":true,"href":"https:\/\/blogdorogeriogomes.com.br\/noticias\/wp-json\/wp\/v2\/comments?post=13163"}],"version-history":[{"count":1,"href":"https:\/\/blogdorogeriogomes.com.br\/noticias\/wp-json\/wp\/v2\/posts\/13163\/revisions"}],"predecessor-version":[{"id":13165,"href":"https:\/\/blogdorogeriogomes.com.br\/noticias\/wp-json\/wp\/v2\/posts\/13163\/revisions\/13165"}],"wp:attachment":[{"href":"https:\/\/blogdorogeriogomes.com.br\/noticias\/wp-json\/wp\/v2\/media?parent=13163"}],"wp:term":[{"taxonomy":"category","embeddable":true,"href":"https:\/\/blogdorogeriogomes.com.br\/noticias\/wp-json\/wp\/v2\/categories?post=13163"},{"taxonomy":"post_tag","embeddable":true,"href":"https:\/\/blogdorogeriogomes.com.br\/noticias\/wp-json\/wp\/v2\/tags?post=13163"}],"curies":[{"name":"wp","href":"https:\/\/api.w.org\/{rel}","templated":true}]}}