{"id":13166,"date":"2019-06-28T09:05:46","date_gmt":"2019-06-28T09:05:46","guid":{"rendered":"http:\/\/blogdorogeriogomes.com.br\/?p=13166"},"modified":"2019-06-28T09:05:46","modified_gmt":"2019-06-28T09:05:46","slug":"novo-codigo-da-cidade-proibe-uso-de-fogos-barulhentos-em-eventos-da-capital","status":"publish","type":"post","link":"https:\/\/blogdorogeriogomes.com.br\/noticias\/2019\/06\/novo-codigo-da-cidade-proibe-uso-de-fogos-barulhentos-em-eventos-da-capital\/","title":{"rendered":"Novo C\u00f3digo da Cidade pro\u00edbe uso de fogos barulhentos em eventos da Capital"},"content":{"rendered":"<p><img loading=\"lazy\" decoding=\"async\" class=\"alignnone size-medium wp-image-13167\" src=\"http:\/\/blogdorogeriogomes.com.br\/wp-content\/uploads\/2019\/06\/IMG_20190628_060022_594-300x213.jpg\" alt=\"IMG_20190628_060022_594\" width=\"300\" height=\"213\" srcset=\"https:\/\/blogdorogeriogomes.com.br\/noticias\/wp-content\/uploads\/2019\/06\/IMG_20190628_060022_594-300x213.jpg 300w, https:\/\/blogdorogeriogomes.com.br\/noticias\/wp-content\/uploads\/2019\/06\/IMG_20190628_060022_594.jpg 636w\" sizes=\"auto, (max-width: 300px) 100vw, 300px\" \/><\/p>\n<p>Os vereadores de Fortaleza encerraram as vota\u00e7\u00f5es do primeiro semestre e v\u00e3o entrar no recesso do meio do ano. Esta semana, os parlamentares aprovaram o novo C\u00f3digo da Cidade com pontos importantes. Entre eles, a cria\u00e7\u00e3o do Alvar\u00e1 Social, que permitir\u00e1 a redu\u00e7\u00e3o de valores para pequenos empreendimentos e a dispensa de pagamento para ONGs e entidades do terceiro setor.<br \/>\nOutra mudan\u00e7a na legisla\u00e7\u00e3o aprovada foi a exclus\u00e3o do uso de fogos de artif\u00edcio ruidosos em eventos da Capital. Fica proibido, a partir de agora, a utiliza\u00e7\u00e3o dos explosivos que fa\u00e7am barulho. A nova medida j\u00e1 deve valer no R\u00e9veillon de Fortaleza de 2020. A mat\u00e9ria vem atender os movimentos de prote\u00e7\u00e3o animal. Os fogos barulhentos causam bastante inc\u00f4modo a c\u00e3es e gatos, principalmente.<\/p>\n","protected":false},"excerpt":{"rendered":"<p>Os vereadores de Fortaleza encerraram as vota\u00e7\u00f5es do primeiro semestre e v\u00e3o entrar no recesso do meio do ano. Esta semana, os parlamentares aprovaram o novo C\u00f3digo da Cidade com pontos importantes. Entre eles, a cria\u00e7\u00e3o do Alvar\u00e1 Social, que permitir\u00e1 a redu\u00e7\u00e3o de valores para pequenos empreendimentos e a dispensa de pagamento para ONGs e entidades do terceiro setor. Outra mudan\u00e7a na legisla\u00e7\u00e3o aprovada foi a exclus\u00e3o do uso de fogos de artif\u00edcio ruidosos em eventos da Capital.&hellip;<\/p>\n","protected":false},"author":1,"featured_media":0,"comment_status":"open","ping_status":"open","sticky":false,"template":"","format":"standard","meta":{"footnotes":""},"categories":[1],"tags":[],"class_list":["post-13166","post","type-post","status-publish","format-standard","hentry","category-noticias"],"_links":{"self":[{"href":"https:\/\/blogdorogeriogomes.com.br\/noticias\/wp-json\/wp\/v2\/posts\/13166","targetHints":{"allow":["GET"]}}],"collection":[{"href":"https:\/\/blogdorogeriogomes.com.br\/noticias\/wp-json\/wp\/v2\/posts"}],"about":[{"href":"https:\/\/blogdorogeriogomes.com.br\/noticias\/wp-json\/wp\/v2\/types\/post"}],"author":[{"embeddable":true,"href":"https:\/\/blogdorogeriogomes.com.br\/noticias\/wp-json\/wp\/v2\/users\/1"}],"replies":[{"embeddable":true,"href":"https:\/\/blogdorogeriogomes.com.br\/noticias\/wp-json\/wp\/v2\/comments?post=13166"}],"version-history":[{"count":1,"href":"https:\/\/blogdorogeriogomes.com.br\/noticias\/wp-json\/wp\/v2\/posts\/13166\/revisions"}],"predecessor-version":[{"id":13168,"href":"https:\/\/blogdorogeriogomes.com.br\/noticias\/wp-json\/wp\/v2\/posts\/13166\/revisions\/13168"}],"wp:attachment":[{"href":"https:\/\/blogdorogeriogomes.com.br\/noticias\/wp-json\/wp\/v2\/media?parent=13166"}],"wp:term":[{"taxonomy":"category","embeddable":true,"href":"https:\/\/blogdorogeriogomes.com.br\/noticias\/wp-json\/wp\/v2\/categories?post=13166"},{"taxonomy":"post_tag","embeddable":true,"href":"https:\/\/blogdorogeriogomes.com.br\/noticias\/wp-json\/wp\/v2\/tags?post=13166"}],"curies":[{"name":"wp","href":"https:\/\/api.w.org\/{rel}","templated":true}]}}