{"id":13176,"date":"2019-06-28T21:29:57","date_gmt":"2019-06-28T21:29:57","guid":{"rendered":"http:\/\/blogdorogeriogomes.com.br\/?p=13176"},"modified":"2019-06-28T21:29:57","modified_gmt":"2019-06-28T21:29:57","slug":"mp-no-ceara-decide-arquivar-denuncia-de-andre-fernandes-contra-o-deputado-nezinho-farias","status":"publish","type":"post","link":"https:\/\/blogdorogeriogomes.com.br\/noticias\/2019\/06\/mp-no-ceara-decide-arquivar-denuncia-de-andre-fernandes-contra-o-deputado-nezinho-farias\/","title":{"rendered":"MP no Cear\u00e1 decide arquivar den\u00fancia de Andr\u00e9 Fernandes contra o deputado Nezinho Farias"},"content":{"rendered":"<p><img loading=\"lazy\" decoding=\"async\" class=\"alignnone size-medium wp-image-13177\" src=\"http:\/\/blogdorogeriogomes.com.br\/wp-content\/uploads\/2019\/06\/IMG_20190628_182342_314-300x300.jpg\" alt=\"IMG_20190628_182342_314\" width=\"300\" height=\"300\" srcset=\"https:\/\/blogdorogeriogomes.com.br\/noticias\/wp-content\/uploads\/2019\/06\/IMG_20190628_182342_314-300x300.jpg 300w, https:\/\/blogdorogeriogomes.com.br\/noticias\/wp-content\/uploads\/2019\/06\/IMG_20190628_182342_314-150x150.jpg 150w, https:\/\/blogdorogeriogomes.com.br\/noticias\/wp-content\/uploads\/2019\/06\/IMG_20190628_182342_314-768x768.jpg 768w, https:\/\/blogdorogeriogomes.com.br\/noticias\/wp-content\/uploads\/2019\/06\/IMG_20190628_182342_314-1024x1024.jpg 1024w\" sizes=\"auto, (max-width: 300px) 100vw, 300px\" \/><\/p>\n<p>O Minist\u00e9rio P\u00fablico do Cear\u00e1 confirmou que o deputado estadual Andr\u00e9 Fernandes (PSL) prestou depoimento na tarde desta sexta-feira, dia 28 de junho, no caso em que protocolou den\u00fancia contra o tamb\u00e9m parlamentar Nezinho Farias (PDT) por suposto envolvimento com fac\u00e7\u00f5es criminosas. Como n\u00e3o foram apresentadas provas, o MP Estadual decidiu arquivar o processo. Agora, Andr\u00e9 Fernandes deve prestar explica\u00e7\u00f5es no Conselho de \u00c9tica da Assembleia Legislativa do Cear\u00e1 por quebra de decoro parlamentar.<br \/>\nNesta sexta-feira, Andr\u00e9 Fernandes e o Delegado Cavalcante, tamb\u00e9m do PSL, deram entrevista coletiva no Comit\u00ea de Imprensa da AL, onde confirmaram uma representa\u00e7\u00e3o no Diret\u00f3rio Nacional do partido para destituir o presidente estadual da legenda no Cear\u00e1, deputado federal Heitor Freire. Fernandes e Cavalcante acusam Heitor de m\u00e1 gest\u00e3o \u00e0 frente do partido que vai desde a utiliza\u00e7\u00e3o indevida de recursos at\u00e9 persegui\u00e7\u00e3o a membros do PSL no Estado.<\/p>\n","protected":false},"excerpt":{"rendered":"<p>O Minist\u00e9rio P\u00fablico do Cear\u00e1 confirmou que o deputado estadual Andr\u00e9 Fernandes (PSL) prestou depoimento na tarde desta sexta-feira, dia 28 de junho, no caso em que protocolou den\u00fancia contra o tamb\u00e9m parlamentar Nezinho Farias (PDT) por suposto envolvimento com fac\u00e7\u00f5es criminosas. Como n\u00e3o foram apresentadas provas, o MP Estadual decidiu arquivar o processo. Agora, Andr\u00e9 Fernandes deve prestar explica\u00e7\u00f5es no Conselho de \u00c9tica da Assembleia Legislativa do Cear\u00e1 por quebra de decoro parlamentar. Nesta sexta-feira, Andr\u00e9 Fernandes e&hellip;<\/p>\n","protected":false},"author":1,"featured_media":0,"comment_status":"open","ping_status":"open","sticky":false,"template":"","format":"standard","meta":{"footnotes":""},"categories":[1],"tags":[],"class_list":["post-13176","post","type-post","status-publish","format-standard","hentry","category-noticias"],"_links":{"self":[{"href":"https:\/\/blogdorogeriogomes.com.br\/noticias\/wp-json\/wp\/v2\/posts\/13176","targetHints":{"allow":["GET"]}}],"collection":[{"href":"https:\/\/blogdorogeriogomes.com.br\/noticias\/wp-json\/wp\/v2\/posts"}],"about":[{"href":"https:\/\/blogdorogeriogomes.com.br\/noticias\/wp-json\/wp\/v2\/types\/post"}],"author":[{"embeddable":true,"href":"https:\/\/blogdorogeriogomes.com.br\/noticias\/wp-json\/wp\/v2\/users\/1"}],"replies":[{"embeddable":true,"href":"https:\/\/blogdorogeriogomes.com.br\/noticias\/wp-json\/wp\/v2\/comments?post=13176"}],"version-history":[{"count":1,"href":"https:\/\/blogdorogeriogomes.com.br\/noticias\/wp-json\/wp\/v2\/posts\/13176\/revisions"}],"predecessor-version":[{"id":13178,"href":"https:\/\/blogdorogeriogomes.com.br\/noticias\/wp-json\/wp\/v2\/posts\/13176\/revisions\/13178"}],"wp:attachment":[{"href":"https:\/\/blogdorogeriogomes.com.br\/noticias\/wp-json\/wp\/v2\/media?parent=13176"}],"wp:term":[{"taxonomy":"category","embeddable":true,"href":"https:\/\/blogdorogeriogomes.com.br\/noticias\/wp-json\/wp\/v2\/categories?post=13176"},{"taxonomy":"post_tag","embeddable":true,"href":"https:\/\/blogdorogeriogomes.com.br\/noticias\/wp-json\/wp\/v2\/tags?post=13176"}],"curies":[{"name":"wp","href":"https:\/\/api.w.org\/{rel}","templated":true}]}}