{"id":13183,"date":"2019-07-01T08:22:25","date_gmt":"2019-07-01T08:22:25","guid":{"rendered":"http:\/\/blogdorogeriogomes.com.br\/?p=13183"},"modified":"2019-07-01T08:22:25","modified_gmt":"2019-07-01T08:22:25","slug":"lider-do-governo-bolsonaro-no-congresso-debate-reforma-da-previdencia-em-fortaleza","status":"publish","type":"post","link":"https:\/\/blogdorogeriogomes.com.br\/noticias\/2019\/07\/lider-do-governo-bolsonaro-no-congresso-debate-reforma-da-previdencia-em-fortaleza\/","title":{"rendered":"L\u00edder do Governo Bolsonaro no Congresso debate reforma da Previd\u00eancia em Fortaleza"},"content":{"rendered":"<p><img loading=\"lazy\" decoding=\"async\" class=\"alignnone size-medium wp-image-13184\" src=\"http:\/\/blogdorogeriogomes.com.br\/wp-content\/uploads\/2019\/07\/IMG_20190701_051941_808-300x196.jpg\" alt=\"IMG_20190701_051941_808\" width=\"300\" height=\"196\" srcset=\"https:\/\/blogdorogeriogomes.com.br\/noticias\/wp-content\/uploads\/2019\/07\/IMG_20190701_051941_808-300x196.jpg 300w, https:\/\/blogdorogeriogomes.com.br\/noticias\/wp-content\/uploads\/2019\/07\/IMG_20190701_051941_808.jpg 624w\" sizes=\"auto, (max-width: 300px) 100vw, 300px\" \/><\/p>\n<p>Em meio \u00e0s articula\u00e7\u00f5es para convencer prefeitos e governadores sobre a proposta da reforma da Previd\u00eancia, a l\u00edder do Governo Bolsonaro no Congresso, a deputada federal Joice Hasselmann (PSL\/SP), estar\u00e1 em Fortaleza nesta segunda-feira, dia 1\u00ba de julho. Ela \u00e9 convidada da pr\u00f3xima edi\u00e7\u00e3o do F\u00f3rum Industrial Ideias em Debate, promovido pela Federa\u00e7\u00e3o das Ind\u00fastrias do Estado (Fiec).<br \/>\nO evento ser\u00e1 realizado \u00e0s 18h30min, no audit\u00f3rio do BS Design, na avenida Desembargador Moreira, 1300. Durante o encontro, que ser\u00e1 mediado por Mario Sergio Telles, gerente de Pol\u00edtica Tribut\u00e1ria e Fiscal da CNI, a deputada debater\u00e1 o tema Reforma da Previd\u00eancia. O Governo ainda se movimenta para evitar que a proposta original apresentada na C\u00e2mara Federal sofra mais altera\u00e7\u00f5es.<\/p>\n","protected":false},"excerpt":{"rendered":"<p>Em meio \u00e0s articula\u00e7\u00f5es para convencer prefeitos e governadores sobre a proposta da reforma da Previd\u00eancia, a l\u00edder do Governo Bolsonaro no Congresso, a deputada federal Joice Hasselmann (PSL\/SP), estar\u00e1 em Fortaleza nesta segunda-feira, dia 1\u00ba de julho. Ela \u00e9 convidada da pr\u00f3xima edi\u00e7\u00e3o do F\u00f3rum Industrial Ideias em Debate, promovido pela Federa\u00e7\u00e3o das Ind\u00fastrias do Estado (Fiec). O evento ser\u00e1 realizado \u00e0s 18h30min, no audit\u00f3rio do BS Design, na avenida Desembargador Moreira, 1300. Durante o encontro, que ser\u00e1&hellip;<\/p>\n","protected":false},"author":1,"featured_media":0,"comment_status":"open","ping_status":"open","sticky":false,"template":"","format":"standard","meta":{"footnotes":""},"categories":[1],"tags":[],"class_list":["post-13183","post","type-post","status-publish","format-standard","hentry","category-noticias"],"_links":{"self":[{"href":"https:\/\/blogdorogeriogomes.com.br\/noticias\/wp-json\/wp\/v2\/posts\/13183","targetHints":{"allow":["GET"]}}],"collection":[{"href":"https:\/\/blogdorogeriogomes.com.br\/noticias\/wp-json\/wp\/v2\/posts"}],"about":[{"href":"https:\/\/blogdorogeriogomes.com.br\/noticias\/wp-json\/wp\/v2\/types\/post"}],"author":[{"embeddable":true,"href":"https:\/\/blogdorogeriogomes.com.br\/noticias\/wp-json\/wp\/v2\/users\/1"}],"replies":[{"embeddable":true,"href":"https:\/\/blogdorogeriogomes.com.br\/noticias\/wp-json\/wp\/v2\/comments?post=13183"}],"version-history":[{"count":1,"href":"https:\/\/blogdorogeriogomes.com.br\/noticias\/wp-json\/wp\/v2\/posts\/13183\/revisions"}],"predecessor-version":[{"id":13185,"href":"https:\/\/blogdorogeriogomes.com.br\/noticias\/wp-json\/wp\/v2\/posts\/13183\/revisions\/13185"}],"wp:attachment":[{"href":"https:\/\/blogdorogeriogomes.com.br\/noticias\/wp-json\/wp\/v2\/media?parent=13183"}],"wp:term":[{"taxonomy":"category","embeddable":true,"href":"https:\/\/blogdorogeriogomes.com.br\/noticias\/wp-json\/wp\/v2\/categories?post=13183"},{"taxonomy":"post_tag","embeddable":true,"href":"https:\/\/blogdorogeriogomes.com.br\/noticias\/wp-json\/wp\/v2\/tags?post=13183"}],"curies":[{"name":"wp","href":"https:\/\/api.w.org\/{rel}","templated":true}]}}