{"id":13186,"date":"2019-07-01T08:34:19","date_gmt":"2019-07-01T08:34:19","guid":{"rendered":"http:\/\/blogdorogeriogomes.com.br\/?p=13186"},"modified":"2019-07-01T08:34:19","modified_gmt":"2019-07-01T08:34:19","slug":"parada-pela-diversidade-sexual-em-fortaleza-foca-na-luta-por-direitos-sociais","status":"publish","type":"post","link":"https:\/\/blogdorogeriogomes.com.br\/noticias\/2019\/07\/parada-pela-diversidade-sexual-em-fortaleza-foca-na-luta-por-direitos-sociais\/","title":{"rendered":"Parada pela Diversidade Sexual em Fortaleza foca na luta por direitos sociais"},"content":{"rendered":"<p><img loading=\"lazy\" decoding=\"async\" class=\"alignnone size-medium wp-image-13187\" src=\"http:\/\/blogdorogeriogomes.com.br\/wp-content\/uploads\/2019\/07\/IMG_20190701_053126_807-300x191.jpg\" alt=\"IMG_20190701_053126_807\" width=\"300\" height=\"191\" srcset=\"https:\/\/blogdorogeriogomes.com.br\/noticias\/wp-content\/uploads\/2019\/07\/IMG_20190701_053126_807-300x191.jpg 300w, https:\/\/blogdorogeriogomes.com.br\/noticias\/wp-content\/uploads\/2019\/07\/IMG_20190701_053126_807.jpg 353w\" sizes=\"auto, (max-width: 300px) 100vw, 300px\" \/><\/p>\n<p>Al\u00e9m da luta pelo respeito a diversidade sexual, a 20\u00aa Parada pela Diversidade Sexual de Fortaleza realizada neste domingo, dia 1\u00b0 de julho, na avenida Beira Mar, em Fortaleza, focou na luta por direitos sociais. Grupos LGBTQIA+ exigiram a cria\u00e7\u00e3o de Conselho de Direitos Humanos, Centro de Refer\u00eancia e ambulat\u00f3rio de sa\u00fade.<br \/>\nO evento lotou a avenida Beira Mar, na Capital, e contou com a presen\u00e7a de pessoas vindas de munic\u00edpios como Itapipoca, Pindoretama, Quixad\u00e1, Quixeramobim e cidades da Regi\u00e3o Metropolitana de Fortaleza.<\/p>\n","protected":false},"excerpt":{"rendered":"<p>Al\u00e9m da luta pelo respeito a diversidade sexual, a 20\u00aa Parada pela Diversidade Sexual de Fortaleza realizada neste domingo, dia 1\u00b0 de julho, na avenida Beira Mar, em Fortaleza, focou na luta por direitos sociais. Grupos LGBTQIA+ exigiram a cria\u00e7\u00e3o de Conselho de Direitos Humanos, Centro de Refer\u00eancia e ambulat\u00f3rio de sa\u00fade. O evento lotou a avenida Beira Mar, na Capital, e contou com a presen\u00e7a de pessoas vindas de munic\u00edpios como Itapipoca, Pindoretama, Quixad\u00e1, Quixeramobim e cidades da&hellip;<\/p>\n","protected":false},"author":1,"featured_media":0,"comment_status":"open","ping_status":"open","sticky":false,"template":"","format":"standard","meta":{"footnotes":""},"categories":[1],"tags":[],"class_list":["post-13186","post","type-post","status-publish","format-standard","hentry","category-noticias"],"_links":{"self":[{"href":"https:\/\/blogdorogeriogomes.com.br\/noticias\/wp-json\/wp\/v2\/posts\/13186","targetHints":{"allow":["GET"]}}],"collection":[{"href":"https:\/\/blogdorogeriogomes.com.br\/noticias\/wp-json\/wp\/v2\/posts"}],"about":[{"href":"https:\/\/blogdorogeriogomes.com.br\/noticias\/wp-json\/wp\/v2\/types\/post"}],"author":[{"embeddable":true,"href":"https:\/\/blogdorogeriogomes.com.br\/noticias\/wp-json\/wp\/v2\/users\/1"}],"replies":[{"embeddable":true,"href":"https:\/\/blogdorogeriogomes.com.br\/noticias\/wp-json\/wp\/v2\/comments?post=13186"}],"version-history":[{"count":1,"href":"https:\/\/blogdorogeriogomes.com.br\/noticias\/wp-json\/wp\/v2\/posts\/13186\/revisions"}],"predecessor-version":[{"id":13188,"href":"https:\/\/blogdorogeriogomes.com.br\/noticias\/wp-json\/wp\/v2\/posts\/13186\/revisions\/13188"}],"wp:attachment":[{"href":"https:\/\/blogdorogeriogomes.com.br\/noticias\/wp-json\/wp\/v2\/media?parent=13186"}],"wp:term":[{"taxonomy":"category","embeddable":true,"href":"https:\/\/blogdorogeriogomes.com.br\/noticias\/wp-json\/wp\/v2\/categories?post=13186"},{"taxonomy":"post_tag","embeddable":true,"href":"https:\/\/blogdorogeriogomes.com.br\/noticias\/wp-json\/wp\/v2\/tags?post=13186"}],"curies":[{"name":"wp","href":"https:\/\/api.w.org\/{rel}","templated":true}]}}