{"id":13189,"date":"2019-07-01T09:06:58","date_gmt":"2019-07-01T09:06:58","guid":{"rendered":"http:\/\/blogdorogeriogomes.com.br\/?p=13189"},"modified":"2019-07-01T09:06:58","modified_gmt":"2019-07-01T09:06:58","slug":"governo-bolsonaro-completa-seis-meses-em-meio-a-manifestacoes-pro-moro","status":"publish","type":"post","link":"https:\/\/blogdorogeriogomes.com.br\/noticias\/2019\/07\/governo-bolsonaro-completa-seis-meses-em-meio-a-manifestacoes-pro-moro\/","title":{"rendered":"Governo Bolsonaro completa seis meses em meio a manifesta\u00e7\u00f5es pr\u00f3 Moro"},"content":{"rendered":"<p><img loading=\"lazy\" decoding=\"async\" class=\"alignnone size-medium wp-image-13190\" src=\"http:\/\/blogdorogeriogomes.com.br\/wp-content\/uploads\/2019\/07\/IMG_20190701_060424_325-300x200.jpg\" alt=\"IMG_20190701_060424_325\" width=\"300\" height=\"200\" srcset=\"https:\/\/blogdorogeriogomes.com.br\/noticias\/wp-content\/uploads\/2019\/07\/IMG_20190701_060424_325-300x200.jpg 300w, https:\/\/blogdorogeriogomes.com.br\/noticias\/wp-content\/uploads\/2019\/07\/IMG_20190701_060424_325.jpg 768w\" sizes=\"auto, (max-width: 300px) 100vw, 300px\" \/><\/p>\n<p>O ministro da Justi\u00e7a, S\u00e9rgio Moro, e o Governo Bolsonaro receberam apoio de manifestantes em v\u00e1rias capitais brasileiras neste domingo, dia 30 de junho. A avalia\u00e7\u00e3o geral, no entanto, \u00e9 que os manifestos foram significativamente menores do que os realizados no \u00faltimo de 26 de maio. Sem contar a briga entre os pr\u00f3prios grupos de direita. N\u00e3o faltaram amea\u00e7as ao MBL, por causa das criticas ao Governo Bolsonaro. E, claro, h\u00e1 motivos pra isso: a queda na popularidade do Governo Bolsonaro nas \u00faltimas pesquisas realizadas e o vazamento de mensagens pelo \u201cThe Intercept Brasil\u201d que revela a pr\u00e1tica jur\u00eddica adotada por Moro e procuradores da Lava Jato no julgamento do ex-presidente Lula.<br \/>\nPelas redes sociais, Moro agradeceu o apoio das ruas e voltou a desmentir a parcialidade nos processos da Lava Jato. J\u00e1 Bolsonaro trouxe pra si o m\u00e9rito das manifesta\u00e7\u00f5es. Sem citar S\u00e9rgio Moro, ele defendeu: \u201cn\u00e3o parem o Brasil, combatam a corrup\u00e7\u00e3o, apoiem quem foi legitimamente eleito em 2018\u201d.<br \/>\nBolsonaro completou neste domingo, dia 30 de junho, seis meses de governo enfrentando ainda muita desconfian\u00e7a e dificuldades de articula\u00e7\u00e3o pol\u00edtica no Congresso. Apesar de condenar o chamado \u201ctoma l\u00e1, d\u00e1\u201d, j\u00e1 acenou na semana passada com o pagamento imediato de R$ 10 milh\u00f5es em emendas extras para cada deputado federal, em troca de apoio \u00e0 reforma da Previd\u00eancia.<br \/>\nA falta de foco e de projetos talvez sejam os principais problemas do Governo Bolsonaro at\u00e9 agora. Em uma guerra ideol\u00f3gica sem fim, o Presidente foca em projetos secund\u00e1rios que n\u00e3o atacam a grave crise econ\u00f4mica e o desemprego no Pa\u00eds. Prefere gastar tempo em a\u00e7\u00f5es que v\u00e3o desde a contagem de infra\u00e7\u00f5es na carteira de motorista, cr\u00edticas \u00e0 hipersexualiza\u00e7\u00e3o no Carnaval at\u00e9 o fim do tratamento de autoridades por &#8220;Vossa Excel\u00eancia&#8221; em \u00f3rg\u00e3os federais. E por a\u00ed vai&#8230;<\/p>\n","protected":false},"excerpt":{"rendered":"<p>O ministro da Justi\u00e7a, S\u00e9rgio Moro, e o Governo Bolsonaro receberam apoio de manifestantes em v\u00e1rias capitais brasileiras neste domingo, dia 30 de junho. A avalia\u00e7\u00e3o geral, no entanto, \u00e9 que os manifestos foram significativamente menores do que os realizados no \u00faltimo de 26 de maio. Sem contar a briga entre os pr\u00f3prios grupos de direita. N\u00e3o faltaram amea\u00e7as ao MBL, por causa das criticas ao Governo Bolsonaro. E, claro, h\u00e1 motivos pra isso: a queda na popularidade do&hellip;<\/p>\n","protected":false},"author":1,"featured_media":0,"comment_status":"open","ping_status":"open","sticky":false,"template":"","format":"standard","meta":{"footnotes":""},"categories":[1],"tags":[],"class_list":["post-13189","post","type-post","status-publish","format-standard","hentry","category-noticias"],"_links":{"self":[{"href":"https:\/\/blogdorogeriogomes.com.br\/noticias\/wp-json\/wp\/v2\/posts\/13189","targetHints":{"allow":["GET"]}}],"collection":[{"href":"https:\/\/blogdorogeriogomes.com.br\/noticias\/wp-json\/wp\/v2\/posts"}],"about":[{"href":"https:\/\/blogdorogeriogomes.com.br\/noticias\/wp-json\/wp\/v2\/types\/post"}],"author":[{"embeddable":true,"href":"https:\/\/blogdorogeriogomes.com.br\/noticias\/wp-json\/wp\/v2\/users\/1"}],"replies":[{"embeddable":true,"href":"https:\/\/blogdorogeriogomes.com.br\/noticias\/wp-json\/wp\/v2\/comments?post=13189"}],"version-history":[{"count":1,"href":"https:\/\/blogdorogeriogomes.com.br\/noticias\/wp-json\/wp\/v2\/posts\/13189\/revisions"}],"predecessor-version":[{"id":13191,"href":"https:\/\/blogdorogeriogomes.com.br\/noticias\/wp-json\/wp\/v2\/posts\/13189\/revisions\/13191"}],"wp:attachment":[{"href":"https:\/\/blogdorogeriogomes.com.br\/noticias\/wp-json\/wp\/v2\/media?parent=13189"}],"wp:term":[{"taxonomy":"category","embeddable":true,"href":"https:\/\/blogdorogeriogomes.com.br\/noticias\/wp-json\/wp\/v2\/categories?post=13189"},{"taxonomy":"post_tag","embeddable":true,"href":"https:\/\/blogdorogeriogomes.com.br\/noticias\/wp-json\/wp\/v2\/tags?post=13189"}],"curies":[{"name":"wp","href":"https:\/\/api.w.org\/{rel}","templated":true}]}}