{"id":13192,"date":"2019-07-01T16:58:08","date_gmt":"2019-07-01T16:58:08","guid":{"rendered":"http:\/\/blogdorogeriogomes.com.br\/?p=13192"},"modified":"2019-07-01T16:58:08","modified_gmt":"2019-07-01T16:58:08","slug":"pacote-de-obras-na-capital-comeca-a-ser-executado-ainda-neste-semestre","status":"publish","type":"post","link":"https:\/\/blogdorogeriogomes.com.br\/noticias\/2019\/07\/pacote-de-obras-na-capital-comeca-a-ser-executado-ainda-neste-semestre\/","title":{"rendered":"Pacote de obras na Capital come\u00e7a a ser executado ainda neste semestre"},"content":{"rendered":"<p><img loading=\"lazy\" decoding=\"async\" class=\"alignnone size-medium wp-image-13193\" src=\"http:\/\/blogdorogeriogomes.com.br\/wp-content\/uploads\/2019\/07\/IMG_20190701_135145_653-300x235.jpg\" alt=\"IMG_20190701_135145_653\" width=\"300\" height=\"235\" srcset=\"https:\/\/blogdorogeriogomes.com.br\/noticias\/wp-content\/uploads\/2019\/07\/IMG_20190701_135145_653-300x235.jpg 300w, https:\/\/blogdorogeriogomes.com.br\/noticias\/wp-content\/uploads\/2019\/07\/IMG_20190701_135145_653-768x600.jpg 768w, https:\/\/blogdorogeriogomes.com.br\/noticias\/wp-content\/uploads\/2019\/07\/IMG_20190701_135145_653-1024x801.jpg 1024w, https:\/\/blogdorogeriogomes.com.br\/noticias\/wp-content\/uploads\/2019\/07\/IMG_20190701_135145_653.jpg 1228w\" sizes=\"auto, (max-width: 300px) 100vw, 300px\" \/><\/p>\n<p>O prefeito de Fortaleza, Roberto Cl\u00e1udio, anunciou nesta segunda-feira, dia 1\u00b0 de julho, um programa de investimentos que envolve R$ 1 bilh\u00e3o e 500 milh\u00f5es em obras na Capital. O pacote de investimentos conta com financiamento de seis bancos nacionais e internacionais.<br \/>\nO plano de investimentos foi apresentado pelo prefeito em solenidade no Teatro S\u00e3o Jos\u00e9, que contou com a presen\u00e7a do governador Camilo Santana, do senador Tasso Jereissati e do ex-ministro Ciro Gomes. As obras a serem executadas v\u00e3o beneficiar as sete regionais da Capital e contemplam \u00e1reas como Sa\u00fade, Educa\u00e7\u00e3o, Prote\u00e7\u00e3o Social e Cultura, Esporte, Urbaniza\u00e7\u00e3o e Meio Ambiente, Infraestrutura, Transporte e Mobilidade.<br \/>\nA Prefeitura de Fortaleza conseguiu captar cerca de R$ 1 bilh\u00e3o e 500 milh\u00f5es de reais em financiamentos, parte deles, internacionais e que precisaram de aval do Senado Federal. O dinheiro est\u00e1 em caixa e o pacote de obras j\u00e1 come\u00e7a a ser executado no segundo semestre deste ano.<\/p>\n","protected":false},"excerpt":{"rendered":"<p>O prefeito de Fortaleza, Roberto Cl\u00e1udio, anunciou nesta segunda-feira, dia 1\u00b0 de julho, um programa de investimentos que envolve R$ 1 bilh\u00e3o e 500 milh\u00f5es em obras na Capital. O pacote de investimentos conta com financiamento de seis bancos nacionais e internacionais. O plano de investimentos foi apresentado pelo prefeito em solenidade no Teatro S\u00e3o Jos\u00e9, que contou com a presen\u00e7a do governador Camilo Santana, do senador Tasso Jereissati e do ex-ministro Ciro Gomes. As obras a serem executadas&hellip;<\/p>\n","protected":false},"author":1,"featured_media":0,"comment_status":"open","ping_status":"open","sticky":false,"template":"","format":"standard","meta":{"footnotes":""},"categories":[1],"tags":[],"class_list":["post-13192","post","type-post","status-publish","format-standard","hentry","category-noticias"],"_links":{"self":[{"href":"https:\/\/blogdorogeriogomes.com.br\/noticias\/wp-json\/wp\/v2\/posts\/13192","targetHints":{"allow":["GET"]}}],"collection":[{"href":"https:\/\/blogdorogeriogomes.com.br\/noticias\/wp-json\/wp\/v2\/posts"}],"about":[{"href":"https:\/\/blogdorogeriogomes.com.br\/noticias\/wp-json\/wp\/v2\/types\/post"}],"author":[{"embeddable":true,"href":"https:\/\/blogdorogeriogomes.com.br\/noticias\/wp-json\/wp\/v2\/users\/1"}],"replies":[{"embeddable":true,"href":"https:\/\/blogdorogeriogomes.com.br\/noticias\/wp-json\/wp\/v2\/comments?post=13192"}],"version-history":[{"count":1,"href":"https:\/\/blogdorogeriogomes.com.br\/noticias\/wp-json\/wp\/v2\/posts\/13192\/revisions"}],"predecessor-version":[{"id":13194,"href":"https:\/\/blogdorogeriogomes.com.br\/noticias\/wp-json\/wp\/v2\/posts\/13192\/revisions\/13194"}],"wp:attachment":[{"href":"https:\/\/blogdorogeriogomes.com.br\/noticias\/wp-json\/wp\/v2\/media?parent=13192"}],"wp:term":[{"taxonomy":"category","embeddable":true,"href":"https:\/\/blogdorogeriogomes.com.br\/noticias\/wp-json\/wp\/v2\/categories?post=13192"},{"taxonomy":"post_tag","embeddable":true,"href":"https:\/\/blogdorogeriogomes.com.br\/noticias\/wp-json\/wp\/v2\/tags?post=13192"}],"curies":[{"name":"wp","href":"https:\/\/api.w.org\/{rel}","templated":true}]}}