{"id":13195,"date":"2019-07-01T20:01:07","date_gmt":"2019-07-01T20:01:07","guid":{"rendered":"http:\/\/blogdorogeriogomes.com.br\/?p=13195"},"modified":"2019-07-01T20:01:07","modified_gmt":"2019-07-01T20:01:07","slug":"jose-sarto-propoe-parceria-entre-universidade-do-parlamento-e-faculdade-cdl","status":"publish","type":"post","link":"https:\/\/blogdorogeriogomes.com.br\/noticias\/2019\/07\/jose-sarto-propoe-parceria-entre-universidade-do-parlamento-e-faculdade-cdl\/","title":{"rendered":"Jos\u00e9 Sarto prop\u00f5e parceria entre Universidade do Parlamento e Faculdade CDL"},"content":{"rendered":"<p><img loading=\"lazy\" decoding=\"async\" class=\"alignnone size-medium wp-image-13196\" src=\"http:\/\/blogdorogeriogomes.com.br\/wp-content\/uploads\/2019\/07\/IMG_20190701_165725_508-300x207.jpg\" alt=\"IMG_20190701_165725_508\" width=\"300\" height=\"207\" srcset=\"https:\/\/blogdorogeriogomes.com.br\/noticias\/wp-content\/uploads\/2019\/07\/IMG_20190701_165725_508-300x207.jpg 300w, https:\/\/blogdorogeriogomes.com.br\/noticias\/wp-content\/uploads\/2019\/07\/IMG_20190701_165725_508-768x529.jpg 768w, https:\/\/blogdorogeriogomes.com.br\/noticias\/wp-content\/uploads\/2019\/07\/IMG_20190701_165725_508-1024x706.jpg 1024w, https:\/\/blogdorogeriogomes.com.br\/noticias\/wp-content\/uploads\/2019\/07\/IMG_20190701_165725_508.jpg 1238w\" sizes=\"auto, (max-width: 300px) 100vw, 300px\" \/><\/p>\n<p>O presidente da Assembleia Legislativa do Cear\u00e1, Jos\u00e9 Sarto (PDT), prop\u00f4s a forma\u00e7\u00e3o de uma parceria entre a Universidade do Parlamento Cearense (Unipace) e a Faculdade CDL durante almo\u00e7o, nesta segunda-feira, dia 1\u00ba de julho, com empres\u00e1rios na C\u00e2mara de Dirigentes Lojistas (CDL) de Fortaleza.<br \/>\n\u201cN\u00f3s viemos aqui pra trocar ideias e pensar em parcerias pactuadas entre a Universidade do Parlamento e o Conselho de Altos Estudos da Assembleia com a Faculdade CDL, que tem quase dois mil alunos e percentual de inser\u00e7\u00e3o no mercado de 90%\u201d, disse o presidente da Assembleia Legislativa do Cear\u00e1.<br \/>\nJos\u00e9 Sarto refor\u00e7ou que o com\u00e9rcio varejista representa um percentual significativo da economia do Cear\u00e1. \u201cA ideia \u00e9 colocar os equipamentos da Assembleia \u00e0 disposi\u00e7\u00e3o para estabelecer parcerias e interlocu\u00e7\u00e3o com o com\u00e9rcio varejista e, quem sabe, estreitar esses la\u00e7os da intelectualidade da CDL e do Parlamento\u201d, afirmou o chefe do Legislativo Estadual.<\/p>\n","protected":false},"excerpt":{"rendered":"<p>O presidente da Assembleia Legislativa do Cear\u00e1, Jos\u00e9 Sarto (PDT), prop\u00f4s a forma\u00e7\u00e3o de uma parceria entre a Universidade do Parlamento Cearense (Unipace) e a Faculdade CDL durante almo\u00e7o, nesta segunda-feira, dia 1\u00ba de julho, com empres\u00e1rios na C\u00e2mara de Dirigentes Lojistas (CDL) de Fortaleza. \u201cN\u00f3s viemos aqui pra trocar ideias e pensar em parcerias pactuadas entre a Universidade do Parlamento e o Conselho de Altos Estudos da Assembleia com a Faculdade CDL, que tem quase dois mil alunos&hellip;<\/p>\n","protected":false},"author":1,"featured_media":0,"comment_status":"open","ping_status":"open","sticky":false,"template":"","format":"standard","meta":{"footnotes":""},"categories":[1],"tags":[],"class_list":["post-13195","post","type-post","status-publish","format-standard","hentry","category-noticias"],"_links":{"self":[{"href":"https:\/\/blogdorogeriogomes.com.br\/noticias\/wp-json\/wp\/v2\/posts\/13195","targetHints":{"allow":["GET"]}}],"collection":[{"href":"https:\/\/blogdorogeriogomes.com.br\/noticias\/wp-json\/wp\/v2\/posts"}],"about":[{"href":"https:\/\/blogdorogeriogomes.com.br\/noticias\/wp-json\/wp\/v2\/types\/post"}],"author":[{"embeddable":true,"href":"https:\/\/blogdorogeriogomes.com.br\/noticias\/wp-json\/wp\/v2\/users\/1"}],"replies":[{"embeddable":true,"href":"https:\/\/blogdorogeriogomes.com.br\/noticias\/wp-json\/wp\/v2\/comments?post=13195"}],"version-history":[{"count":1,"href":"https:\/\/blogdorogeriogomes.com.br\/noticias\/wp-json\/wp\/v2\/posts\/13195\/revisions"}],"predecessor-version":[{"id":13197,"href":"https:\/\/blogdorogeriogomes.com.br\/noticias\/wp-json\/wp\/v2\/posts\/13195\/revisions\/13197"}],"wp:attachment":[{"href":"https:\/\/blogdorogeriogomes.com.br\/noticias\/wp-json\/wp\/v2\/media?parent=13195"}],"wp:term":[{"taxonomy":"category","embeddable":true,"href":"https:\/\/blogdorogeriogomes.com.br\/noticias\/wp-json\/wp\/v2\/categories?post=13195"},{"taxonomy":"post_tag","embeddable":true,"href":"https:\/\/blogdorogeriogomes.com.br\/noticias\/wp-json\/wp\/v2\/tags?post=13195"}],"curies":[{"name":"wp","href":"https:\/\/api.w.org\/{rel}","templated":true}]}}