{"id":13198,"date":"2019-07-02T08:24:01","date_gmt":"2019-07-02T08:24:01","guid":{"rendered":"http:\/\/blogdorogeriogomes.com.br\/?p=13198"},"modified":"2019-07-02T08:24:01","modified_gmt":"2019-07-02T08:24:01","slug":"brasilia-tem-dia-decisivo-para-encaminhamento-da-proposta-de-reforma-da-previdencia","status":"publish","type":"post","link":"https:\/\/blogdorogeriogomes.com.br\/noticias\/2019\/07\/brasilia-tem-dia-decisivo-para-encaminhamento-da-proposta-de-reforma-da-previdencia\/","title":{"rendered":"Bras\u00edlia tem dia decisivo para encaminhamento da proposta de reforma da Previd\u00eancia"},"content":{"rendered":"<p><img loading=\"lazy\" decoding=\"async\" class=\"alignnone size-medium wp-image-13199\" src=\"http:\/\/blogdorogeriogomes.com.br\/wp-content\/uploads\/2019\/07\/IMG_20190702_052136_899-300x208.jpg\" alt=\"IMG_20190702_052136_899\" width=\"300\" height=\"208\" srcset=\"https:\/\/blogdorogeriogomes.com.br\/noticias\/wp-content\/uploads\/2019\/07\/IMG_20190702_052136_899-300x208.jpg 300w, https:\/\/blogdorogeriogomes.com.br\/noticias\/wp-content\/uploads\/2019\/07\/IMG_20190702_052136_899.jpg 721w\" sizes=\"auto, (max-width: 300px) 100vw, 300px\" \/><\/p>\n<p>Governadores t\u00eam novas reuni\u00f5es nesta ter\u00e7a-feira, dia 2 de julho, em Bras\u00edlia, para o encaminhamento da proposta de reforma da Previd\u00eancia, que ainda ser\u00e1 votada na comiss\u00e3o especial. O governador do Cear\u00e1, Camilo Santana, viajou ainda na segunda-feira \u00e0 noite para a Capital Federal. O Pal\u00e1cio do Planalto n\u00e3o tem expectativa de que estados e munic\u00edpios sejam inclu\u00eddos na reforma da Previd\u00eancia, apesar do empenho do presidente da C\u00e2mara dos Deputados, Rodrigo Maia, na ideia. O martelo s\u00f3 ser\u00e1 batido nesta ter\u00e7a-feira numa reuni\u00e3o entre Maia e governadores em Bras\u00edlia. O presidente do Senado, Davi Alcolumbre, tamb\u00e9m volta a conversar com os governadores.<br \/>\nMas a tend\u00eancia \u00e9 que o relat\u00f3rio final da proposta que ser\u00e1 apresentado na comiss\u00e3o especial que votar\u00e1 a mat\u00e9ria n\u00e3o trate de governos regionais. Um dos motivos do adiamento da leitura do parecer, que deveria ter ocorrido na \u00faltima quinta-feira, foi justamente a falta de acordo sobre essa quest\u00e3o.<br \/>\nO PSL, partido de Bolsonaro, tamb\u00e9m \u00e9 outro que pode criar problemas ao Governo. Quer de \u00faltima hora colocar na proposta benef\u00edcios para aposentadoria de policiais, o que mexe nos valores a serem economizados pelo Governo com a reforma. N\u00e3o dever\u00e1 passar. \u00c9 esperar pra ver.<\/p>\n","protected":false},"excerpt":{"rendered":"<p>Governadores t\u00eam novas reuni\u00f5es nesta ter\u00e7a-feira, dia 2 de julho, em Bras\u00edlia, para o encaminhamento da proposta de reforma da Previd\u00eancia, que ainda ser\u00e1 votada na comiss\u00e3o especial. O governador do Cear\u00e1, Camilo Santana, viajou ainda na segunda-feira \u00e0 noite para a Capital Federal. O Pal\u00e1cio do Planalto n\u00e3o tem expectativa de que estados e munic\u00edpios sejam inclu\u00eddos na reforma da Previd\u00eancia, apesar do empenho do presidente da C\u00e2mara dos Deputados, Rodrigo Maia, na ideia. O martelo s\u00f3 ser\u00e1&hellip;<\/p>\n","protected":false},"author":1,"featured_media":0,"comment_status":"open","ping_status":"open","sticky":false,"template":"","format":"standard","meta":{"footnotes":""},"categories":[1],"tags":[],"class_list":["post-13198","post","type-post","status-publish","format-standard","hentry","category-noticias"],"_links":{"self":[{"href":"https:\/\/blogdorogeriogomes.com.br\/noticias\/wp-json\/wp\/v2\/posts\/13198","targetHints":{"allow":["GET"]}}],"collection":[{"href":"https:\/\/blogdorogeriogomes.com.br\/noticias\/wp-json\/wp\/v2\/posts"}],"about":[{"href":"https:\/\/blogdorogeriogomes.com.br\/noticias\/wp-json\/wp\/v2\/types\/post"}],"author":[{"embeddable":true,"href":"https:\/\/blogdorogeriogomes.com.br\/noticias\/wp-json\/wp\/v2\/users\/1"}],"replies":[{"embeddable":true,"href":"https:\/\/blogdorogeriogomes.com.br\/noticias\/wp-json\/wp\/v2\/comments?post=13198"}],"version-history":[{"count":1,"href":"https:\/\/blogdorogeriogomes.com.br\/noticias\/wp-json\/wp\/v2\/posts\/13198\/revisions"}],"predecessor-version":[{"id":13200,"href":"https:\/\/blogdorogeriogomes.com.br\/noticias\/wp-json\/wp\/v2\/posts\/13198\/revisions\/13200"}],"wp:attachment":[{"href":"https:\/\/blogdorogeriogomes.com.br\/noticias\/wp-json\/wp\/v2\/media?parent=13198"}],"wp:term":[{"taxonomy":"category","embeddable":true,"href":"https:\/\/blogdorogeriogomes.com.br\/noticias\/wp-json\/wp\/v2\/categories?post=13198"},{"taxonomy":"post_tag","embeddable":true,"href":"https:\/\/blogdorogeriogomes.com.br\/noticias\/wp-json\/wp\/v2\/tags?post=13198"}],"curies":[{"name":"wp","href":"https:\/\/api.w.org\/{rel}","templated":true}]}}