{"id":13204,"date":"2019-07-02T21:32:02","date_gmt":"2019-07-02T21:32:02","guid":{"rendered":"http:\/\/blogdorogeriogomes.com.br\/?p=13204"},"modified":"2019-07-02T21:32:02","modified_gmt":"2019-07-02T21:32:02","slug":"estados-e-municipios-continuam-de-fora-do-relatorio-da-reforma-da-previdencia","status":"publish","type":"post","link":"https:\/\/blogdorogeriogomes.com.br\/noticias\/2019\/07\/estados-e-municipios-continuam-de-fora-do-relatorio-da-reforma-da-previdencia\/","title":{"rendered":"Estados e munic\u00edpios continuam de fora do relat\u00f3rio da reforma da Previd\u00eancia"},"content":{"rendered":"<p><img loading=\"lazy\" decoding=\"async\" class=\"alignnone size-medium wp-image-13205\" src=\"http:\/\/blogdorogeriogomes.com.br\/wp-content\/uploads\/2019\/07\/IMG_20190702_182836_102-300x183.jpg\" alt=\"IMG_20190702_182836_102\" width=\"300\" height=\"183\" srcset=\"https:\/\/blogdorogeriogomes.com.br\/noticias\/wp-content\/uploads\/2019\/07\/IMG_20190702_182836_102-300x183.jpg 300w, https:\/\/blogdorogeriogomes.com.br\/noticias\/wp-content\/uploads\/2019\/07\/IMG_20190702_182836_102-768x468.jpg 768w, https:\/\/blogdorogeriogomes.com.br\/noticias\/wp-content\/uploads\/2019\/07\/IMG_20190702_182836_102.jpg 922w\" sizes=\"auto, (max-width: 300px) 100vw, 300px\" \/><\/p>\n<p>Fracassou em Bras\u00edlia a articula\u00e7\u00e3o do presidente da C\u00e2mara dos Deputados, Rodrigo Maia, em convencer governadores a incluir estados e munic\u00edpios no relat\u00f3rio da reforma da Previd\u00eancia, nesta ter\u00e7a-feira, dia 2 de julho. N\u00e3o houve acordo com os governadores de oposi\u00e7\u00e3o, que n\u00e3o concordam com alguns pontos da proposta defendida pelo Pal\u00e1cio do Planalto.<br \/>\nAgora, a tentativa dispon\u00edvel \u00e9 que os governadores e prefeitos tentem que mobilizar 308 deputados para que, em vota\u00e7\u00e3o no plen\u00e1rio, estados e munic\u00edpios retornem \u00e0 reforma.<br \/>\nO relator da reforma da Previd\u00eancia na comiss\u00e3o especial da C\u00e2mara, deputado Samuel Moreira (PSDB-SP), apresentou nesta ter\u00e7a-feira uma nova vers\u00e3o de seu parecer, com mudan\u00e7as no texto, mas manteve servidores de estados e munic\u00edpios fora da proposta.<br \/>\nO governador do Cear\u00e1, Camilo Santana, que participou da reuni\u00e3o com Rodrigo Maia, considera que houve alguns avan\u00e7os no relat\u00f3rio como \u201ca retirada da inaceit\u00e1vel proposta de mudan\u00e7a nas aposentarias rurais e no Benef\u00edcio de Presta\u00e7\u00e3o Continuada (BPC), que atendem pobres, idosos e deficientes; a retirada da radical mudan\u00e7a na aposentadoria dos professores\u201d.<br \/>\nCamilo ressalta ainda que os governadores do Nordeste buscam \u201cainda a cria\u00e7\u00e3o de fontes exclusivas de novas receitas para Estados e Munic\u00edpios atrav\u00e9s de um fundo que ajude a reduzir o d\u00e9ficit previdenci\u00e1rio\u201d.<\/p>\n","protected":false},"excerpt":{"rendered":"<p>Fracassou em Bras\u00edlia a articula\u00e7\u00e3o do presidente da C\u00e2mara dos Deputados, Rodrigo Maia, em convencer governadores a incluir estados e munic\u00edpios no relat\u00f3rio da reforma da Previd\u00eancia, nesta ter\u00e7a-feira, dia 2 de julho. N\u00e3o houve acordo com os governadores de oposi\u00e7\u00e3o, que n\u00e3o concordam com alguns pontos da proposta defendida pelo Pal\u00e1cio do Planalto. Agora, a tentativa dispon\u00edvel \u00e9 que os governadores e prefeitos tentem que mobilizar 308 deputados para que, em vota\u00e7\u00e3o no plen\u00e1rio, estados e munic\u00edpios retornem&hellip;<\/p>\n","protected":false},"author":1,"featured_media":0,"comment_status":"open","ping_status":"open","sticky":false,"template":"","format":"standard","meta":{"footnotes":""},"categories":[1],"tags":[],"class_list":["post-13204","post","type-post","status-publish","format-standard","hentry","category-noticias"],"_links":{"self":[{"href":"https:\/\/blogdorogeriogomes.com.br\/noticias\/wp-json\/wp\/v2\/posts\/13204","targetHints":{"allow":["GET"]}}],"collection":[{"href":"https:\/\/blogdorogeriogomes.com.br\/noticias\/wp-json\/wp\/v2\/posts"}],"about":[{"href":"https:\/\/blogdorogeriogomes.com.br\/noticias\/wp-json\/wp\/v2\/types\/post"}],"author":[{"embeddable":true,"href":"https:\/\/blogdorogeriogomes.com.br\/noticias\/wp-json\/wp\/v2\/users\/1"}],"replies":[{"embeddable":true,"href":"https:\/\/blogdorogeriogomes.com.br\/noticias\/wp-json\/wp\/v2\/comments?post=13204"}],"version-history":[{"count":1,"href":"https:\/\/blogdorogeriogomes.com.br\/noticias\/wp-json\/wp\/v2\/posts\/13204\/revisions"}],"predecessor-version":[{"id":13206,"href":"https:\/\/blogdorogeriogomes.com.br\/noticias\/wp-json\/wp\/v2\/posts\/13204\/revisions\/13206"}],"wp:attachment":[{"href":"https:\/\/blogdorogeriogomes.com.br\/noticias\/wp-json\/wp\/v2\/media?parent=13204"}],"wp:term":[{"taxonomy":"category","embeddable":true,"href":"https:\/\/blogdorogeriogomes.com.br\/noticias\/wp-json\/wp\/v2\/categories?post=13204"},{"taxonomy":"post_tag","embeddable":true,"href":"https:\/\/blogdorogeriogomes.com.br\/noticias\/wp-json\/wp\/v2\/tags?post=13204"}],"curies":[{"name":"wp","href":"https:\/\/api.w.org\/{rel}","templated":true}]}}