{"id":13207,"date":"2019-07-03T08:46:44","date_gmt":"2019-07-03T08:46:44","guid":{"rendered":"http:\/\/blogdorogeriogomes.com.br\/?p=13207"},"modified":"2019-07-03T08:46:44","modified_gmt":"2019-07-03T08:46:44","slug":"semace-passa-a-monitorar-a-qualidade-do-ar-em-fortaleza-com-nova-estacao-movel","status":"publish","type":"post","link":"https:\/\/blogdorogeriogomes.com.br\/noticias\/2019\/07\/semace-passa-a-monitorar-a-qualidade-do-ar-em-fortaleza-com-nova-estacao-movel\/","title":{"rendered":"Semace passa a monitorar a qualidade do ar em Fortaleza com nova esta\u00e7\u00e3o m\u00f3vel"},"content":{"rendered":"<p><img loading=\"lazy\" decoding=\"async\" class=\"alignnone size-medium wp-image-13208\" src=\"http:\/\/blogdorogeriogomes.com.br\/wp-content\/uploads\/2019\/07\/IMG_20190703_054322_778-300x200.jpg\" alt=\"IMG_20190703_054322_778\" width=\"300\" height=\"200\" srcset=\"https:\/\/blogdorogeriogomes.com.br\/noticias\/wp-content\/uploads\/2019\/07\/IMG_20190703_054322_778-300x200.jpg 300w, https:\/\/blogdorogeriogomes.com.br\/noticias\/wp-content\/uploads\/2019\/07\/IMG_20190703_054322_778-768x513.jpg 768w, https:\/\/blogdorogeriogomes.com.br\/noticias\/wp-content\/uploads\/2019\/07\/IMG_20190703_054322_778-1024x684.jpg 1024w, https:\/\/blogdorogeriogomes.com.br\/noticias\/wp-content\/uploads\/2019\/07\/IMG_20190703_054322_778.jpg 1200w\" sizes=\"auto, (max-width: 300px) 100vw, 300px\" \/><\/p>\n<p>O ar que se respira no Cear\u00e1 come\u00e7ou a ser monitorado oficialmente, nesta ter\u00e7a-feira, dia 2 de julho, quando foi inaugurada a esta\u00e7\u00e3o m\u00f3vel de monitoramento da qualidade do ar. O equipamento da Superintend\u00eancia Estadual do Meio Ambiente (Semace) foi apresentado, no jardim da Reitoria da Universidade Federal do Cear\u00e1 (UFC), no bairro Benfica, em Fortaleza, onde a esta\u00e7\u00e3o j\u00e1 funcionava em car\u00e1ter experimental. Os dados da qualidade do ar coletados pela esta\u00e7\u00e3o j\u00e1 est\u00e3o dispon\u00edveis online, para a consulta de pesquisadores, de agentes do Estado e do mercado, e de interessados da sociedade.<\/p>\n","protected":false},"excerpt":{"rendered":"<p>O ar que se respira no Cear\u00e1 come\u00e7ou a ser monitorado oficialmente, nesta ter\u00e7a-feira, dia 2 de julho, quando foi inaugurada a esta\u00e7\u00e3o m\u00f3vel de monitoramento da qualidade do ar. O equipamento da Superintend\u00eancia Estadual do Meio Ambiente (Semace) foi apresentado, no jardim da Reitoria da Universidade Federal do Cear\u00e1 (UFC), no bairro Benfica, em Fortaleza, onde a esta\u00e7\u00e3o j\u00e1 funcionava em car\u00e1ter experimental. Os dados da qualidade do ar coletados pela esta\u00e7\u00e3o j\u00e1 est\u00e3o dispon\u00edveis online, para a&hellip;<\/p>\n","protected":false},"author":1,"featured_media":0,"comment_status":"open","ping_status":"open","sticky":false,"template":"","format":"standard","meta":{"footnotes":""},"categories":[1],"tags":[],"class_list":["post-13207","post","type-post","status-publish","format-standard","hentry","category-noticias"],"_links":{"self":[{"href":"https:\/\/blogdorogeriogomes.com.br\/noticias\/wp-json\/wp\/v2\/posts\/13207","targetHints":{"allow":["GET"]}}],"collection":[{"href":"https:\/\/blogdorogeriogomes.com.br\/noticias\/wp-json\/wp\/v2\/posts"}],"about":[{"href":"https:\/\/blogdorogeriogomes.com.br\/noticias\/wp-json\/wp\/v2\/types\/post"}],"author":[{"embeddable":true,"href":"https:\/\/blogdorogeriogomes.com.br\/noticias\/wp-json\/wp\/v2\/users\/1"}],"replies":[{"embeddable":true,"href":"https:\/\/blogdorogeriogomes.com.br\/noticias\/wp-json\/wp\/v2\/comments?post=13207"}],"version-history":[{"count":1,"href":"https:\/\/blogdorogeriogomes.com.br\/noticias\/wp-json\/wp\/v2\/posts\/13207\/revisions"}],"predecessor-version":[{"id":13209,"href":"https:\/\/blogdorogeriogomes.com.br\/noticias\/wp-json\/wp\/v2\/posts\/13207\/revisions\/13209"}],"wp:attachment":[{"href":"https:\/\/blogdorogeriogomes.com.br\/noticias\/wp-json\/wp\/v2\/media?parent=13207"}],"wp:term":[{"taxonomy":"category","embeddable":true,"href":"https:\/\/blogdorogeriogomes.com.br\/noticias\/wp-json\/wp\/v2\/categories?post=13207"},{"taxonomy":"post_tag","embeddable":true,"href":"https:\/\/blogdorogeriogomes.com.br\/noticias\/wp-json\/wp\/v2\/tags?post=13207"}],"curies":[{"name":"wp","href":"https:\/\/api.w.org\/{rel}","templated":true}]}}