{"id":13210,"date":"2019-07-03T08:56:07","date_gmt":"2019-07-03T08:56:07","guid":{"rendered":"http:\/\/blogdorogeriogomes.com.br\/?p=13210"},"modified":"2019-07-03T08:56:07","modified_gmt":"2019-07-03T08:56:07","slug":"prefeitura-da-capital-inicia-recuperacao-da-malha-viaria-mas-a-populacao-tambem-deve-cobrar-pela-execucao-dos-servicos","status":"publish","type":"post","link":"https:\/\/blogdorogeriogomes.com.br\/noticias\/2019\/07\/prefeitura-da-capital-inicia-recuperacao-da-malha-viaria-mas-a-populacao-tambem-deve-cobrar-pela-execucao-dos-servicos\/","title":{"rendered":"Prefeitura da Capital inicia recupera\u00e7\u00e3o da malha vi\u00e1ria, mas a popula\u00e7\u00e3o tamb\u00e9m deve cobrar pela execu\u00e7\u00e3o dos servi\u00e7os"},"content":{"rendered":"<p><img loading=\"lazy\" decoding=\"async\" class=\"alignnone size-medium wp-image-13211\" src=\"http:\/\/blogdorogeriogomes.com.br\/wp-content\/uploads\/2019\/07\/IMG_20190703_055252_131-300x200.jpg\" alt=\"IMG_20190703_055252_131\" width=\"300\" height=\"200\" srcset=\"https:\/\/blogdorogeriogomes.com.br\/noticias\/wp-content\/uploads\/2019\/07\/IMG_20190703_055252_131-300x200.jpg 300w, https:\/\/blogdorogeriogomes.com.br\/noticias\/wp-content\/uploads\/2019\/07\/IMG_20190703_055252_131-768x512.jpg 768w, https:\/\/blogdorogeriogomes.com.br\/noticias\/wp-content\/uploads\/2019\/07\/IMG_20190703_055252_131-1024x683.jpg 1024w\" sizes=\"auto, (max-width: 300px) 100vw, 300px\" \/><\/p>\n<p>Ruas e avenidas de Fortaleza ficaram bastante prejudicadas ap\u00f3s o t\u00e9rmino da quadra chuvosa de 2019. A Prefeitura de Fortaleza iniciou uma opera\u00e7\u00e3o para recuperar a malha vi\u00e1ria. A periferia da Capital tem as \u00e1reas mais prejudicadas.<br \/>\nMas \u00e9 importante que o cidad\u00e3o tamb\u00e9m cobre das autoridades a execu\u00e7\u00e3o do servi\u00e7o. Para solicitar recupera\u00e7\u00e3o de vias, a orienta\u00e7\u00e3o \u00e9 que a popula\u00e7\u00e3o telefone gratuitamente para o n\u00famero 156 ou procure diretamente as Secretarias Regionais de cada bairro que avaliar\u00e3o cada situa\u00e7\u00e3o e direcionar\u00e3o para o \u00f3rg\u00e3o municipal respons\u00e1vel.<\/p>\n<p>Ouvidorias<br \/>\nRegional Centro: 3226-5059<br \/>\nRegional 1: 3433-6875<br \/>\nRegional 2: 3241-4802<br \/>\nRegional 3: 3433-2519<br \/>\nRegional 4: 3433-2862<br \/>\nRegional 5: 3433-2929<br \/>\nRegional 6: 3488-3124<\/p>\n","protected":false},"excerpt":{"rendered":"<p>Ruas e avenidas de Fortaleza ficaram bastante prejudicadas ap\u00f3s o t\u00e9rmino da quadra chuvosa de 2019. A Prefeitura de Fortaleza iniciou uma opera\u00e7\u00e3o para recuperar a malha vi\u00e1ria. A periferia da Capital tem as \u00e1reas mais prejudicadas. Mas \u00e9 importante que o cidad\u00e3o tamb\u00e9m cobre das autoridades a execu\u00e7\u00e3o do servi\u00e7o. Para solicitar recupera\u00e7\u00e3o de vias, a orienta\u00e7\u00e3o \u00e9 que a popula\u00e7\u00e3o telefone gratuitamente para o n\u00famero 156 ou procure diretamente as Secretarias Regionais de cada bairro que avaliar\u00e3o&hellip;<\/p>\n","protected":false},"author":1,"featured_media":0,"comment_status":"open","ping_status":"open","sticky":false,"template":"","format":"standard","meta":{"footnotes":""},"categories":[1],"tags":[],"class_list":["post-13210","post","type-post","status-publish","format-standard","hentry","category-noticias"],"_links":{"self":[{"href":"https:\/\/blogdorogeriogomes.com.br\/noticias\/wp-json\/wp\/v2\/posts\/13210","targetHints":{"allow":["GET"]}}],"collection":[{"href":"https:\/\/blogdorogeriogomes.com.br\/noticias\/wp-json\/wp\/v2\/posts"}],"about":[{"href":"https:\/\/blogdorogeriogomes.com.br\/noticias\/wp-json\/wp\/v2\/types\/post"}],"author":[{"embeddable":true,"href":"https:\/\/blogdorogeriogomes.com.br\/noticias\/wp-json\/wp\/v2\/users\/1"}],"replies":[{"embeddable":true,"href":"https:\/\/blogdorogeriogomes.com.br\/noticias\/wp-json\/wp\/v2\/comments?post=13210"}],"version-history":[{"count":1,"href":"https:\/\/blogdorogeriogomes.com.br\/noticias\/wp-json\/wp\/v2\/posts\/13210\/revisions"}],"predecessor-version":[{"id":13212,"href":"https:\/\/blogdorogeriogomes.com.br\/noticias\/wp-json\/wp\/v2\/posts\/13210\/revisions\/13212"}],"wp:attachment":[{"href":"https:\/\/blogdorogeriogomes.com.br\/noticias\/wp-json\/wp\/v2\/media?parent=13210"}],"wp:term":[{"taxonomy":"category","embeddable":true,"href":"https:\/\/blogdorogeriogomes.com.br\/noticias\/wp-json\/wp\/v2\/categories?post=13210"},{"taxonomy":"post_tag","embeddable":true,"href":"https:\/\/blogdorogeriogomes.com.br\/noticias\/wp-json\/wp\/v2\/tags?post=13210"}],"curies":[{"name":"wp","href":"https:\/\/api.w.org\/{rel}","templated":true}]}}