{"id":13213,"date":"2019-07-03T09:33:58","date_gmt":"2019-07-03T09:33:58","guid":{"rendered":"http:\/\/blogdorogeriogomes.com.br\/?p=13213"},"modified":"2019-07-03T09:33:58","modified_gmt":"2019-07-03T09:33:58","slug":"moro-nega-vazamentos-deixa-de-responder-perguntas-e-vai-embora-de-audiencia-na-camara-apos-bate-boca","status":"publish","type":"post","link":"https:\/\/blogdorogeriogomes.com.br\/noticias\/2019\/07\/moro-nega-vazamentos-deixa-de-responder-perguntas-e-vai-embora-de-audiencia-na-camara-apos-bate-boca\/","title":{"rendered":"Moro nega vazamentos, deixa de responder perguntas e vai embora de audi\u00eancia na C\u00e2mara ap\u00f3s bate-boca"},"content":{"rendered":"<p><img loading=\"lazy\" decoding=\"async\" class=\"alignnone size-medium wp-image-13214\" src=\"http:\/\/blogdorogeriogomes.com.br\/wp-content\/uploads\/2019\/07\/IMG_20190703_063047_781-300x172.jpg\" alt=\"IMG_20190703_063047_781\" width=\"300\" height=\"172\" srcset=\"https:\/\/blogdorogeriogomes.com.br\/noticias\/wp-content\/uploads\/2019\/07\/IMG_20190703_063047_781-300x172.jpg 300w, https:\/\/blogdorogeriogomes.com.br\/noticias\/wp-content\/uploads\/2019\/07\/IMG_20190703_063047_781.jpg 442w\" sizes=\"auto, (max-width: 300px) 100vw, 300px\" \/><\/p>\n<p>Terminou em confus\u00e3o e bate-boca a audi\u00eancia do ministro da Justi\u00e7a, S\u00e9rgio Moro, na C\u00e2mara dos Deputados, em Bras\u00edlia, nesta ter\u00e7a-feira, dia 2 de julho. Moro usou a mesma estrat\u00e9gia utilizada na audi\u00eancia do Senado. Descredenciou o jornalista Glenn Greenwald, do The Intercept Brasil, que revelou os vazamentos, fugiu de v\u00e1rias perguntas de parlamentares, considerou mais uma vez normal trocar informa\u00e7\u00f5es do processo acusat\u00f3rio com o Minist\u00e9rio P\u00fablico, atrav\u00e9s de indica\u00e7\u00f5es de provas e testemunhas, al\u00e9m de ir embora da audi\u00eancia antes do t\u00e9rmino da sess\u00e3o, quando havia dezenas de deputados inscritos para fazer perguntas ao ministro.<br \/>\nAcusado de parcialidade por deputados de oposi\u00e7\u00e3o, Moro repetiu que n\u00e3o pode dizer se conte\u00fado \u00e9 verdadeiro, pois n\u00e3o tem mais os arquivos divulgados. No entanto, n\u00e3o entra no m\u00e9rito do seu procedimento como juiz na condu\u00e7\u00e3o do processo do ex-presidente Lula, que posteriormente ainda resultou em um convite para assumir o Minist\u00e9rio da Justi\u00e7a no Governo Bolsonaro. Chegou at\u00e9 a afirmar na sess\u00e3o que \u201cn\u00e3o protagonizou a Lava Jato\u201d. Classificou as mensagens como &#8220;ataque pol\u00edtico-partid\u00e1rio&#8221; com o objetivo de tentar anular condena\u00e7\u00f5es da Lava Jato. A sess\u00e3o foi interrompida depois que o deputado Glauber Braga (PSOL-RJ) afirmou que Moro \u201cvai estar sim nos livros de hist\u00f3ria, vai estar como um juiz que se corrompeu, com um juiz ladr\u00e3o\u201d. Moro saiu escoltado da sala de audi\u00eancia, por volta de 21h40min.<br \/>\nO ex-juiz tamb\u00e9m recebeu cr\u00edticas da imprensa estrangeira ap\u00f3s a not\u00edcia de que a Pol\u00edcia Federal investiga a vida financeira o jornalista Glenn Greenwald. A PF est\u00e1 subordinada ao Minist\u00e9rio da Justi\u00e7a, ao qual Moro \u00e9 o ministro.<br \/>\nAp\u00f3s a amea\u00e7a, o jornalista norte-americano reiterou que amea\u00e7as de Moro n\u00e3o intimidar\u00e3o a divulga\u00e7\u00e3o de novas den\u00fancias. &#8220;Nenhuma intimida\u00e7\u00e3o ou amea\u00e7a interromper\u00e1 as reportagens. Amea\u00e7as do Estado s\u00f3 servem para expor seu verdadeiro rosto: abuso do poder &#8211; e por que eles precisam de transpar\u00eancia de uma imprensa livre&#8221;, disse.<\/p>\n","protected":false},"excerpt":{"rendered":"<p>Terminou em confus\u00e3o e bate-boca a audi\u00eancia do ministro da Justi\u00e7a, S\u00e9rgio Moro, na C\u00e2mara dos Deputados, em Bras\u00edlia, nesta ter\u00e7a-feira, dia 2 de julho. Moro usou a mesma estrat\u00e9gia utilizada na audi\u00eancia do Senado. Descredenciou o jornalista Glenn Greenwald, do The Intercept Brasil, que revelou os vazamentos, fugiu de v\u00e1rias perguntas de parlamentares, considerou mais uma vez normal trocar informa\u00e7\u00f5es do processo acusat\u00f3rio com o Minist\u00e9rio P\u00fablico, atrav\u00e9s de indica\u00e7\u00f5es de provas e testemunhas, al\u00e9m de ir embora&hellip;<\/p>\n","protected":false},"author":1,"featured_media":0,"comment_status":"open","ping_status":"open","sticky":false,"template":"","format":"standard","meta":{"footnotes":""},"categories":[1],"tags":[],"class_list":["post-13213","post","type-post","status-publish","format-standard","hentry","category-noticias"],"_links":{"self":[{"href":"https:\/\/blogdorogeriogomes.com.br\/noticias\/wp-json\/wp\/v2\/posts\/13213","targetHints":{"allow":["GET"]}}],"collection":[{"href":"https:\/\/blogdorogeriogomes.com.br\/noticias\/wp-json\/wp\/v2\/posts"}],"about":[{"href":"https:\/\/blogdorogeriogomes.com.br\/noticias\/wp-json\/wp\/v2\/types\/post"}],"author":[{"embeddable":true,"href":"https:\/\/blogdorogeriogomes.com.br\/noticias\/wp-json\/wp\/v2\/users\/1"}],"replies":[{"embeddable":true,"href":"https:\/\/blogdorogeriogomes.com.br\/noticias\/wp-json\/wp\/v2\/comments?post=13213"}],"version-history":[{"count":1,"href":"https:\/\/blogdorogeriogomes.com.br\/noticias\/wp-json\/wp\/v2\/posts\/13213\/revisions"}],"predecessor-version":[{"id":13215,"href":"https:\/\/blogdorogeriogomes.com.br\/noticias\/wp-json\/wp\/v2\/posts\/13213\/revisions\/13215"}],"wp:attachment":[{"href":"https:\/\/blogdorogeriogomes.com.br\/noticias\/wp-json\/wp\/v2\/media?parent=13213"}],"wp:term":[{"taxonomy":"category","embeddable":true,"href":"https:\/\/blogdorogeriogomes.com.br\/noticias\/wp-json\/wp\/v2\/categories?post=13213"},{"taxonomy":"post_tag","embeddable":true,"href":"https:\/\/blogdorogeriogomes.com.br\/noticias\/wp-json\/wp\/v2\/tags?post=13213"}],"curies":[{"name":"wp","href":"https:\/\/api.w.org\/{rel}","templated":true}]}}