{"id":13216,"date":"2019-07-03T20:28:52","date_gmt":"2019-07-03T20:28:52","guid":{"rendered":"http:\/\/blogdorogeriogomes.com.br\/?p=13216"},"modified":"2019-07-03T20:28:52","modified_gmt":"2019-07-03T20:28:52","slug":"tjce-e-assembleia-legislativa-firmam-parceria-para-capacitar-mulheres-apenadas-em-regime-semiaberto-no-ceara","status":"publish","type":"post","link":"https:\/\/blogdorogeriogomes.com.br\/noticias\/2019\/07\/tjce-e-assembleia-legislativa-firmam-parceria-para-capacitar-mulheres-apenadas-em-regime-semiaberto-no-ceara\/","title":{"rendered":"TJCE e Assembleia Legislativa firmam parceria para capacitar mulheres apenadas em regime semiaberto no Cear\u00e1"},"content":{"rendered":"<p><img loading=\"lazy\" decoding=\"async\" class=\"alignnone size-medium wp-image-13217\" src=\"http:\/\/blogdorogeriogomes.com.br\/wp-content\/uploads\/2019\/07\/IMG_20190703_172518_295-300x300.jpg\" alt=\"IMG_20190703_172518_295\" width=\"300\" height=\"300\" srcset=\"https:\/\/blogdorogeriogomes.com.br\/noticias\/wp-content\/uploads\/2019\/07\/IMG_20190703_172518_295-300x300.jpg 300w, https:\/\/blogdorogeriogomes.com.br\/noticias\/wp-content\/uploads\/2019\/07\/IMG_20190703_172518_295-150x150.jpg 150w, https:\/\/blogdorogeriogomes.com.br\/noticias\/wp-content\/uploads\/2019\/07\/IMG_20190703_172518_295-768x768.jpg 768w, https:\/\/blogdorogeriogomes.com.br\/noticias\/wp-content\/uploads\/2019\/07\/IMG_20190703_172518_295-1024x1024.jpg 1024w\" sizes=\"auto, (max-width: 300px) 100vw, 300px\" \/><\/p>\n<p>O Tribunal de Justi\u00e7a do Cear\u00e1 e Assembleia Legislativa firmaram parceria, nesta quarta-feira, dia 3 de julho, para oferecer cursos de capacita\u00e7\u00e3o de mulheres apenadas e companheiras de presos, que est\u00e3o cumprindo regime semiaberto no Estado.<br \/>\nO termo de coopera\u00e7\u00e3o t\u00e9cnica foi assinado pelo presidente do Tribunal de Justi\u00e7a do Cear\u00e1, desembargador Washington Ara\u00fajo, e o presidente da Assembleia Legislativa, Jos\u00e9 Sarto. A parceria vai permitir que apenadas e companheiras de presos tenham acesso a cursos, palestras e oficinas com temas relacionados ao desenvolvimento da autoestima e da intelig\u00eancia emocional.<br \/>\nA Assembleia Legislativa vai disponibilizar a estrutura f\u00edsica para a realiza\u00e7\u00e3o dos cursos, que ser\u00e3o acompanhados pelo N\u00facleo de Apoio Psicossocial das Varas de Execu\u00e7\u00e3o Penal.<br \/>\nOs treinamentos ter\u00e3o in\u00edcio no m\u00eas de agosto, com 30 vagas para a primeira turma. Caber\u00e1 \u00e0s Varas de Execu\u00e7\u00e3o fazerem a triagem das mulheres a serem beneficiadas.<\/p>\n","protected":false},"excerpt":{"rendered":"<p>O Tribunal de Justi\u00e7a do Cear\u00e1 e Assembleia Legislativa firmaram parceria, nesta quarta-feira, dia 3 de julho, para oferecer cursos de capacita\u00e7\u00e3o de mulheres apenadas e companheiras de presos, que est\u00e3o cumprindo regime semiaberto no Estado. O termo de coopera\u00e7\u00e3o t\u00e9cnica foi assinado pelo presidente do Tribunal de Justi\u00e7a do Cear\u00e1, desembargador Washington Ara\u00fajo, e o presidente da Assembleia Legislativa, Jos\u00e9 Sarto. A parceria vai permitir que apenadas e companheiras de presos tenham acesso a cursos, palestras e oficinas&hellip;<\/p>\n","protected":false},"author":1,"featured_media":0,"comment_status":"open","ping_status":"open","sticky":false,"template":"","format":"standard","meta":{"footnotes":""},"categories":[1],"tags":[],"class_list":["post-13216","post","type-post","status-publish","format-standard","hentry","category-noticias"],"_links":{"self":[{"href":"https:\/\/blogdorogeriogomes.com.br\/noticias\/wp-json\/wp\/v2\/posts\/13216","targetHints":{"allow":["GET"]}}],"collection":[{"href":"https:\/\/blogdorogeriogomes.com.br\/noticias\/wp-json\/wp\/v2\/posts"}],"about":[{"href":"https:\/\/blogdorogeriogomes.com.br\/noticias\/wp-json\/wp\/v2\/types\/post"}],"author":[{"embeddable":true,"href":"https:\/\/blogdorogeriogomes.com.br\/noticias\/wp-json\/wp\/v2\/users\/1"}],"replies":[{"embeddable":true,"href":"https:\/\/blogdorogeriogomes.com.br\/noticias\/wp-json\/wp\/v2\/comments?post=13216"}],"version-history":[{"count":1,"href":"https:\/\/blogdorogeriogomes.com.br\/noticias\/wp-json\/wp\/v2\/posts\/13216\/revisions"}],"predecessor-version":[{"id":13218,"href":"https:\/\/blogdorogeriogomes.com.br\/noticias\/wp-json\/wp\/v2\/posts\/13216\/revisions\/13218"}],"wp:attachment":[{"href":"https:\/\/blogdorogeriogomes.com.br\/noticias\/wp-json\/wp\/v2\/media?parent=13216"}],"wp:term":[{"taxonomy":"category","embeddable":true,"href":"https:\/\/blogdorogeriogomes.com.br\/noticias\/wp-json\/wp\/v2\/categories?post=13216"},{"taxonomy":"post_tag","embeddable":true,"href":"https:\/\/blogdorogeriogomes.com.br\/noticias\/wp-json\/wp\/v2\/tags?post=13216"}],"curies":[{"name":"wp","href":"https:\/\/api.w.org\/{rel}","templated":true}]}}