{"id":13222,"date":"2019-07-04T08:50:22","date_gmt":"2019-07-04T08:50:22","guid":{"rendered":"http:\/\/blogdorogeriogomes.com.br\/?p=13222"},"modified":"2019-07-04T08:50:22","modified_gmt":"2019-07-04T08:50:22","slug":"agefis-realiza-operacao-para-combater-a-presenca-de-ambulantes-fixos-na-praia-do-futuro","status":"publish","type":"post","link":"https:\/\/blogdorogeriogomes.com.br\/noticias\/2019\/07\/agefis-realiza-operacao-para-combater-a-presenca-de-ambulantes-fixos-na-praia-do-futuro\/","title":{"rendered":"Agefis realiza opera\u00e7\u00e3o para combater a presen\u00e7a de ambulantes fixos na Praia do Futuro"},"content":{"rendered":"<p><img loading=\"lazy\" decoding=\"async\" class=\"alignnone size-medium wp-image-13223\" src=\"http:\/\/blogdorogeriogomes.com.br\/wp-content\/uploads\/2019\/07\/IMG_20190704_054755_539-300x202.jpg\" alt=\"IMG_20190704_054755_539\" width=\"300\" height=\"202\" srcset=\"https:\/\/blogdorogeriogomes.com.br\/noticias\/wp-content\/uploads\/2019\/07\/IMG_20190704_054755_539-300x202.jpg 300w, https:\/\/blogdorogeriogomes.com.br\/noticias\/wp-content\/uploads\/2019\/07\/IMG_20190704_054755_539-768x516.jpg 768w, https:\/\/blogdorogeriogomes.com.br\/noticias\/wp-content\/uploads\/2019\/07\/IMG_20190704_054755_539.jpg 903w\" sizes=\"auto, (max-width: 300px) 100vw, 300px\" \/><\/p>\n<p>A Ag\u00eancia de Fiscaliza\u00e7\u00e3o de Fortaleza (Agefis) dar\u00e1 continuidade nesta quinta-feira, dia 4 de julho, a opera\u00e7\u00e3o especial que remove ocupa\u00e7\u00f5es irregulares de ambulantes na Praia do Futuro. Um dia antes, houve um tumulto gerado entre vendedores, guardas municipais e policiais militares.<br \/>\nA opera\u00e7\u00e3o \u00e9 resultado da den\u00fancia de que ambulantes estavam fixando estruturas de ferro com lona e madeira na faixa de areia, fato constatado pela equipe de monitoramento. A mesma a\u00e7\u00e3o foi realizada em outro trecho da Praia do Futuro, na semana passada, mas a Agefis explica que o objetivo n\u00e3o \u00e9 impedir o com\u00e9rcio realizado por vendedores itinerantes, que poder\u00e3o continuar atuando no cal\u00e7ad\u00e3o e faixa de areia.<\/p>\n","protected":false},"excerpt":{"rendered":"<p>A Ag\u00eancia de Fiscaliza\u00e7\u00e3o de Fortaleza (Agefis) dar\u00e1 continuidade nesta quinta-feira, dia 4 de julho, a opera\u00e7\u00e3o especial que remove ocupa\u00e7\u00f5es irregulares de ambulantes na Praia do Futuro. Um dia antes, houve um tumulto gerado entre vendedores, guardas municipais e policiais militares. A opera\u00e7\u00e3o \u00e9 resultado da den\u00fancia de que ambulantes estavam fixando estruturas de ferro com lona e madeira na faixa de areia, fato constatado pela equipe de monitoramento. A mesma a\u00e7\u00e3o foi realizada em outro trecho da&hellip;<\/p>\n","protected":false},"author":1,"featured_media":0,"comment_status":"open","ping_status":"open","sticky":false,"template":"","format":"standard","meta":{"footnotes":""},"categories":[1],"tags":[],"class_list":["post-13222","post","type-post","status-publish","format-standard","hentry","category-noticias"],"_links":{"self":[{"href":"https:\/\/blogdorogeriogomes.com.br\/noticias\/wp-json\/wp\/v2\/posts\/13222","targetHints":{"allow":["GET"]}}],"collection":[{"href":"https:\/\/blogdorogeriogomes.com.br\/noticias\/wp-json\/wp\/v2\/posts"}],"about":[{"href":"https:\/\/blogdorogeriogomes.com.br\/noticias\/wp-json\/wp\/v2\/types\/post"}],"author":[{"embeddable":true,"href":"https:\/\/blogdorogeriogomes.com.br\/noticias\/wp-json\/wp\/v2\/users\/1"}],"replies":[{"embeddable":true,"href":"https:\/\/blogdorogeriogomes.com.br\/noticias\/wp-json\/wp\/v2\/comments?post=13222"}],"version-history":[{"count":1,"href":"https:\/\/blogdorogeriogomes.com.br\/noticias\/wp-json\/wp\/v2\/posts\/13222\/revisions"}],"predecessor-version":[{"id":13224,"href":"https:\/\/blogdorogeriogomes.com.br\/noticias\/wp-json\/wp\/v2\/posts\/13222\/revisions\/13224"}],"wp:attachment":[{"href":"https:\/\/blogdorogeriogomes.com.br\/noticias\/wp-json\/wp\/v2\/media?parent=13222"}],"wp:term":[{"taxonomy":"category","embeddable":true,"href":"https:\/\/blogdorogeriogomes.com.br\/noticias\/wp-json\/wp\/v2\/categories?post=13222"},{"taxonomy":"post_tag","embeddable":true,"href":"https:\/\/blogdorogeriogomes.com.br\/noticias\/wp-json\/wp\/v2\/tags?post=13222"}],"curies":[{"name":"wp","href":"https:\/\/api.w.org\/{rel}","templated":true}]}}