{"id":13225,"date":"2019-07-04T09:03:58","date_gmt":"2019-07-04T09:03:58","guid":{"rendered":"http:\/\/blogdorogeriogomes.com.br\/?p=13225"},"modified":"2019-07-04T09:03:58","modified_gmt":"2019-07-04T09:03:58","slug":"sessao-da-comissao-especial-da-reforma-da-previdencia-sera-retomada-nesta-quinta-feira-para-votar-relatorio","status":"publish","type":"post","link":"https:\/\/blogdorogeriogomes.com.br\/noticias\/2019\/07\/sessao-da-comissao-especial-da-reforma-da-previdencia-sera-retomada-nesta-quinta-feira-para-votar-relatorio\/","title":{"rendered":"Sess\u00e3o da Comiss\u00e3o Especial da reforma da Previd\u00eancia ser\u00e1 retomada nesta quinta-feira para votar relat\u00f3rio"},"content":{"rendered":"<p><img loading=\"lazy\" decoding=\"async\" class=\"alignnone size-medium wp-image-13226\" src=\"http:\/\/blogdorogeriogomes.com.br\/wp-content\/uploads\/2019\/07\/IMG_20190704_060035_208-300x212.jpg\" alt=\"IMG_20190704_060035_208\" width=\"300\" height=\"212\" srcset=\"https:\/\/blogdorogeriogomes.com.br\/noticias\/wp-content\/uploads\/2019\/07\/IMG_20190704_060035_208-300x212.jpg 300w, https:\/\/blogdorogeriogomes.com.br\/noticias\/wp-content\/uploads\/2019\/07\/IMG_20190704_060035_208-768x544.jpg 768w, https:\/\/blogdorogeriogomes.com.br\/noticias\/wp-content\/uploads\/2019\/07\/IMG_20190704_060035_208.jpg 965w\" sizes=\"auto, (max-width: 300px) 100vw, 300px\" \/><\/p>\n<p>A sess\u00e3o da Comiss\u00e3o Especial da reforma da Previd\u00eancia, na C\u00e2mara dos Deputados, em Bras\u00edlia, entrou pela madrugada desta quinta-feira, dia 3 de julho, mas o relat\u00f3rio n\u00e3o foi votado. A sess\u00e3o ser\u00e1 retomada ainda na manh\u00e3 de hoje. Houve trabalho de obstru\u00e7\u00e3o pela oposi\u00e7\u00e3o e acordo frustrado com policiais civis e militares.<br \/>\nSem anu\u00eancia com representantes de policiais federais, caiu o acordo para aliviar regras de aposentadoria para a categoria, policiais rodovi\u00e1rios e policiais legislativos.<br \/>\nO presidente Jair Bolsonaro atuou para favorecer policiais na reforma da Previd\u00eancia e l\u00edderes da C\u00e2mara chegaram a fechar um acordo nesse sentido, mas a categoria continuou insatisfeita, o que derrubou as negocia\u00e7\u00f5es.<br \/>\nAntes de seguir para a an\u00e1lise do plen\u00e1rio da Casa, a comiss\u00e3o precisa votar o texto-base e destaques. At\u00e9 o encerramento da sess\u00e3o da madrugada, 138 destaques ao texto haviam sido apresentados. Desses, 25 eram de bancada, que n\u00e3o podem ser votados em bloco e exigem discuss\u00e3o e aprecia\u00e7\u00e3o um a um. T\u00e9cnicos<span style=\"font-size: 0.8rem;\">\u00a0do Legislativo estimam que esse processo levar\u00e1 ao menos oito horas.<\/span><\/p>\n","protected":false},"excerpt":{"rendered":"<p>A sess\u00e3o da Comiss\u00e3o Especial da reforma da Previd\u00eancia, na C\u00e2mara dos Deputados, em Bras\u00edlia, entrou pela madrugada desta quinta-feira, dia 3 de julho, mas o relat\u00f3rio n\u00e3o foi votado. A sess\u00e3o ser\u00e1 retomada ainda na manh\u00e3 de hoje. Houve trabalho de obstru\u00e7\u00e3o pela oposi\u00e7\u00e3o e acordo frustrado com policiais civis e militares. Sem anu\u00eancia com representantes de policiais federais, caiu o acordo para aliviar regras de aposentadoria para a categoria, policiais rodovi\u00e1rios e policiais legislativos. O presidente Jair&hellip;<\/p>\n","protected":false},"author":1,"featured_media":0,"comment_status":"open","ping_status":"open","sticky":false,"template":"","format":"standard","meta":{"footnotes":""},"categories":[1],"tags":[],"class_list":["post-13225","post","type-post","status-publish","format-standard","hentry","category-noticias"],"_links":{"self":[{"href":"https:\/\/blogdorogeriogomes.com.br\/noticias\/wp-json\/wp\/v2\/posts\/13225","targetHints":{"allow":["GET"]}}],"collection":[{"href":"https:\/\/blogdorogeriogomes.com.br\/noticias\/wp-json\/wp\/v2\/posts"}],"about":[{"href":"https:\/\/blogdorogeriogomes.com.br\/noticias\/wp-json\/wp\/v2\/types\/post"}],"author":[{"embeddable":true,"href":"https:\/\/blogdorogeriogomes.com.br\/noticias\/wp-json\/wp\/v2\/users\/1"}],"replies":[{"embeddable":true,"href":"https:\/\/blogdorogeriogomes.com.br\/noticias\/wp-json\/wp\/v2\/comments?post=13225"}],"version-history":[{"count":1,"href":"https:\/\/blogdorogeriogomes.com.br\/noticias\/wp-json\/wp\/v2\/posts\/13225\/revisions"}],"predecessor-version":[{"id":13227,"href":"https:\/\/blogdorogeriogomes.com.br\/noticias\/wp-json\/wp\/v2\/posts\/13225\/revisions\/13227"}],"wp:attachment":[{"href":"https:\/\/blogdorogeriogomes.com.br\/noticias\/wp-json\/wp\/v2\/media?parent=13225"}],"wp:term":[{"taxonomy":"category","embeddable":true,"href":"https:\/\/blogdorogeriogomes.com.br\/noticias\/wp-json\/wp\/v2\/categories?post=13225"},{"taxonomy":"post_tag","embeddable":true,"href":"https:\/\/blogdorogeriogomes.com.br\/noticias\/wp-json\/wp\/v2\/tags?post=13225"}],"curies":[{"name":"wp","href":"https:\/\/api.w.org\/{rel}","templated":true}]}}