{"id":13229,"date":"2019-07-04T20:10:51","date_gmt":"2019-07-04T20:10:51","guid":{"rendered":"http:\/\/blogdorogeriogomes.com.br\/?p=13229"},"modified":"2019-07-04T20:10:51","modified_gmt":"2019-07-04T20:10:51","slug":"deputado-estadual-andre-fernandes-decide-pedir-desculpas-a-nezinho-farias-por-acusacoes-falsas","status":"publish","type":"post","link":"https:\/\/blogdorogeriogomes.com.br\/noticias\/2019\/07\/deputado-estadual-andre-fernandes-decide-pedir-desculpas-a-nezinho-farias-por-acusacoes-falsas\/","title":{"rendered":"Deputado estadual Andr\u00e9 Fernandes decide pedir desculpas a Nezinho Farias por acusa\u00e7\u00f5es falsas"},"content":{"rendered":"<p><img loading=\"lazy\" decoding=\"async\" class=\"alignnone size-medium wp-image-13230\" src=\"http:\/\/blogdorogeriogomes.com.br\/wp-content\/uploads\/2019\/07\/IMG_20190704_170551_335-300x281.jpg\" alt=\"IMG_20190704_170551_335\" width=\"300\" height=\"281\" srcset=\"https:\/\/blogdorogeriogomes.com.br\/noticias\/wp-content\/uploads\/2019\/07\/IMG_20190704_170551_335-300x281.jpg 300w, https:\/\/blogdorogeriogomes.com.br\/noticias\/wp-content\/uploads\/2019\/07\/IMG_20190704_170551_335-768x720.jpg 768w, https:\/\/blogdorogeriogomes.com.br\/noticias\/wp-content\/uploads\/2019\/07\/IMG_20190704_170551_335.jpg 807w\" sizes=\"auto, (max-width: 300px) 100vw, 300px\" \/><\/p>\n<p>Depois do Minist\u00e9rio P\u00fablico do Cear\u00e1 inocentar o deputado estadual do PDT, Nezinho Farias, das acusa\u00e7\u00f5es de envolvimento com uma fac\u00e7\u00e3o criminosa, e de ter o seu nome alvo de representa\u00e7\u00f5es do PSDB e PDT no Conselho de \u00c9tica da Assembleia Legislativa do Cear\u00e1, o deputado estadual, Andr\u00e9 Fernandes (PSL), resolveu perdir desculpas a Nezinho Farias no in\u00edcio da tarde desta quinta-feira, dia 4 de julho.<br \/>\n\u201cMe desculpe por toda propor\u00e7\u00e3o negativa que esse assunto deu. Me desculpe por n\u00e3o ter de fato analisado qualquer den\u00fancia que chegou ao meu gabinete e me desculpe por ter dado \u00e0 tona um assunto que fez vossa excel\u00eancia e sua fam\u00edlia sofrer\u201d, completa Andr\u00e9 Fernandes.<\/p>\n","protected":false},"excerpt":{"rendered":"<p>Depois do Minist\u00e9rio P\u00fablico do Cear\u00e1 inocentar o deputado estadual do PDT, Nezinho Farias, das acusa\u00e7\u00f5es de envolvimento com uma fac\u00e7\u00e3o criminosa, e de ter o seu nome alvo de representa\u00e7\u00f5es do PSDB e PDT no Conselho de \u00c9tica da Assembleia Legislativa do Cear\u00e1, o deputado estadual, Andr\u00e9 Fernandes (PSL), resolveu perdir desculpas a Nezinho Farias no in\u00edcio da tarde desta quinta-feira, dia 4 de julho. \u201cMe desculpe por toda propor\u00e7\u00e3o negativa que esse assunto deu. Me desculpe por&hellip;<\/p>\n","protected":false},"author":1,"featured_media":0,"comment_status":"open","ping_status":"open","sticky":false,"template":"","format":"standard","meta":{"footnotes":""},"categories":[1],"tags":[],"class_list":["post-13229","post","type-post","status-publish","format-standard","hentry","category-noticias"],"_links":{"self":[{"href":"https:\/\/blogdorogeriogomes.com.br\/noticias\/wp-json\/wp\/v2\/posts\/13229","targetHints":{"allow":["GET"]}}],"collection":[{"href":"https:\/\/blogdorogeriogomes.com.br\/noticias\/wp-json\/wp\/v2\/posts"}],"about":[{"href":"https:\/\/blogdorogeriogomes.com.br\/noticias\/wp-json\/wp\/v2\/types\/post"}],"author":[{"embeddable":true,"href":"https:\/\/blogdorogeriogomes.com.br\/noticias\/wp-json\/wp\/v2\/users\/1"}],"replies":[{"embeddable":true,"href":"https:\/\/blogdorogeriogomes.com.br\/noticias\/wp-json\/wp\/v2\/comments?post=13229"}],"version-history":[{"count":1,"href":"https:\/\/blogdorogeriogomes.com.br\/noticias\/wp-json\/wp\/v2\/posts\/13229\/revisions"}],"predecessor-version":[{"id":13231,"href":"https:\/\/blogdorogeriogomes.com.br\/noticias\/wp-json\/wp\/v2\/posts\/13229\/revisions\/13231"}],"wp:attachment":[{"href":"https:\/\/blogdorogeriogomes.com.br\/noticias\/wp-json\/wp\/v2\/media?parent=13229"}],"wp:term":[{"taxonomy":"category","embeddable":true,"href":"https:\/\/blogdorogeriogomes.com.br\/noticias\/wp-json\/wp\/v2\/categories?post=13229"},{"taxonomy":"post_tag","embeddable":true,"href":"https:\/\/blogdorogeriogomes.com.br\/noticias\/wp-json\/wp\/v2\/tags?post=13229"}],"curies":[{"name":"wp","href":"https:\/\/api.w.org\/{rel}","templated":true}]}}