{"id":13232,"date":"2019-07-04T20:28:21","date_gmt":"2019-07-04T20:28:21","guid":{"rendered":"http:\/\/blogdorogeriogomes.com.br\/?p=13232"},"modified":"2019-07-04T20:28:21","modified_gmt":"2019-07-04T20:28:21","slug":"ordens-de-servicos-para-recuperacao-das-ces-serao-assinadas-nesta-sexta-feira","status":"publish","type":"post","link":"https:\/\/blogdorogeriogomes.com.br\/noticias\/2019\/07\/ordens-de-servicos-para-recuperacao-das-ces-serao-assinadas-nesta-sexta-feira\/","title":{"rendered":"Ordens de servi\u00e7os para recupera\u00e7\u00e3o das CEs ser\u00e3o assinadas nesta sexta-feira"},"content":{"rendered":"<p><img loading=\"lazy\" decoding=\"async\" class=\"alignnone size-medium wp-image-13233\" src=\"http:\/\/blogdorogeriogomes.com.br\/wp-content\/uploads\/2019\/07\/IMG_20190704_172246_171-300x200.jpg\" alt=\"IMG_20190704_172246_171\" width=\"300\" height=\"200\" srcset=\"https:\/\/blogdorogeriogomes.com.br\/noticias\/wp-content\/uploads\/2019\/07\/IMG_20190704_172246_171-300x200.jpg 300w, https:\/\/blogdorogeriogomes.com.br\/noticias\/wp-content\/uploads\/2019\/07\/IMG_20190704_172246_171.jpg 679w\" sizes=\"auto, (max-width: 300px) 100vw, 300px\" \/><\/p>\n<p>As ordens de servi\u00e7o do Plano de Recupera\u00e7\u00e3o das rodovias estaduais, danificadas durante a quadra chuvosa deste ano, ser\u00e3o assinadas nesta sexta-feira, dia 5 de julho, pelo governador do Cear\u00e1, Camilo Santana, no Pal\u00e1cio da Aboli\u00e7\u00e3o. S\u00e3o 59 trechos de interven\u00e7\u00f5es, computando 1.731,99 km, com prazo de execu\u00e7\u00e3o de seis meses.<br \/>\nO investimento para os reparos \u00e9 de R$ 212,3 milh\u00f5es, visando contemplar todas as regi\u00f5es do Cear\u00e1 e beneficiar diretamente 86 munic\u00edpios. O or\u00e7amento inclui sinaliza\u00e7\u00e3o, pavimenta\u00e7\u00e3o e revestimento asf\u00e1ltico. Dentre as rodovias que ganhar\u00e3o mais qualidade de tr\u00e1fego est\u00e3o CE-531 (Estrada Velha do Icara\u00ed), CE-085 (em diversos trechos, como entre Jijoca de Jericoacoara e Granja) e CE-153\/282 (entre Ic\u00f3 e Iguatu). O pacote abrange 28 segmentos de liga\u00e7\u00e3o a rodovias federais, como na CE-253, entre CE-138 (Cascavel) e o acesso \u00e0 BR-116 (Pacajus).<br \/>\nEm tempo: o Governo do Estado libera, nesta sexta-feira, a primeira parcela do 13\u00b0 sal\u00e1rio dos servidores p\u00fablicos estaduais. Ser\u00e3o pagos 50% do benef\u00edcio. O restante fica pra dezembro. O desembolso \u00e9 de cerca de R$ 450 milh\u00f5es de reais.<\/p>\n","protected":false},"excerpt":{"rendered":"<p>As ordens de servi\u00e7o do Plano de Recupera\u00e7\u00e3o das rodovias estaduais, danificadas durante a quadra chuvosa deste ano, ser\u00e3o assinadas nesta sexta-feira, dia 5 de julho, pelo governador do Cear\u00e1, Camilo Santana, no Pal\u00e1cio da Aboli\u00e7\u00e3o. S\u00e3o 59 trechos de interven\u00e7\u00f5es, computando 1.731,99 km, com prazo de execu\u00e7\u00e3o de seis meses. O investimento para os reparos \u00e9 de R$ 212,3 milh\u00f5es, visando contemplar todas as regi\u00f5es do Cear\u00e1 e beneficiar diretamente 86 munic\u00edpios. O or\u00e7amento inclui sinaliza\u00e7\u00e3o, pavimenta\u00e7\u00e3o e&hellip;<\/p>\n","protected":false},"author":1,"featured_media":0,"comment_status":"open","ping_status":"open","sticky":false,"template":"","format":"standard","meta":{"footnotes":""},"categories":[1],"tags":[],"class_list":["post-13232","post","type-post","status-publish","format-standard","hentry","category-noticias"],"_links":{"self":[{"href":"https:\/\/blogdorogeriogomes.com.br\/noticias\/wp-json\/wp\/v2\/posts\/13232","targetHints":{"allow":["GET"]}}],"collection":[{"href":"https:\/\/blogdorogeriogomes.com.br\/noticias\/wp-json\/wp\/v2\/posts"}],"about":[{"href":"https:\/\/blogdorogeriogomes.com.br\/noticias\/wp-json\/wp\/v2\/types\/post"}],"author":[{"embeddable":true,"href":"https:\/\/blogdorogeriogomes.com.br\/noticias\/wp-json\/wp\/v2\/users\/1"}],"replies":[{"embeddable":true,"href":"https:\/\/blogdorogeriogomes.com.br\/noticias\/wp-json\/wp\/v2\/comments?post=13232"}],"version-history":[{"count":1,"href":"https:\/\/blogdorogeriogomes.com.br\/noticias\/wp-json\/wp\/v2\/posts\/13232\/revisions"}],"predecessor-version":[{"id":13234,"href":"https:\/\/blogdorogeriogomes.com.br\/noticias\/wp-json\/wp\/v2\/posts\/13232\/revisions\/13234"}],"wp:attachment":[{"href":"https:\/\/blogdorogeriogomes.com.br\/noticias\/wp-json\/wp\/v2\/media?parent=13232"}],"wp:term":[{"taxonomy":"category","embeddable":true,"href":"https:\/\/blogdorogeriogomes.com.br\/noticias\/wp-json\/wp\/v2\/categories?post=13232"},{"taxonomy":"post_tag","embeddable":true,"href":"https:\/\/blogdorogeriogomes.com.br\/noticias\/wp-json\/wp\/v2\/tags?post=13232"}],"curies":[{"name":"wp","href":"https:\/\/api.w.org\/{rel}","templated":true}]}}