{"id":13235,"date":"2019-07-05T08:22:43","date_gmt":"2019-07-05T08:22:43","guid":{"rendered":"http:\/\/blogdorogeriogomes.com.br\/?p=13235"},"modified":"2019-07-05T08:22:43","modified_gmt":"2019-07-05T08:22:43","slug":"reforma-da-previdencia-passa-pela-comissao-especial-e-segue-agora-para-o-plenario-da-camara","status":"publish","type":"post","link":"https:\/\/blogdorogeriogomes.com.br\/noticias\/2019\/07\/reforma-da-previdencia-passa-pela-comissao-especial-e-segue-agora-para-o-plenario-da-camara\/","title":{"rendered":"Reforma da Previd\u00eancia passa pela Comiss\u00e3o Especial e segue agora para o plen\u00e1rio da C\u00e2mara"},"content":{"rendered":"<p><img loading=\"lazy\" decoding=\"async\" class=\"alignnone size-medium wp-image-13236\" src=\"http:\/\/blogdorogeriogomes.com.br\/wp-content\/uploads\/2019\/07\/IMG_20190705_051839_476-300x194.jpg\" alt=\"IMG_20190705_051839_476\" width=\"300\" height=\"194\" srcset=\"https:\/\/blogdorogeriogomes.com.br\/noticias\/wp-content\/uploads\/2019\/07\/IMG_20190705_051839_476-300x194.jpg 300w, https:\/\/blogdorogeriogomes.com.br\/noticias\/wp-content\/uploads\/2019\/07\/IMG_20190705_051839_476-768x498.jpg 768w, https:\/\/blogdorogeriogomes.com.br\/noticias\/wp-content\/uploads\/2019\/07\/IMG_20190705_051839_476.jpg 1023w\" sizes=\"auto, (max-width: 300px) 100vw, 300px\" \/><\/p>\n<p>A comiss\u00e3o especial da C\u00e2mara concluiu na madrugada desta sexta-feira, dia 5 de julho, a vota\u00e7\u00e3o do relat\u00f3rio da reforma da Previd\u00eancia. A proposta segue para an\u00e1lise no plen\u00e1rio, onde ainda pode sofrer altera\u00e7\u00f5es.<br \/>\nA comiss\u00e3o analisou 17 destaques. O mais pol\u00eamico deles afrouxava as regras de aposentadoria para carreiras da seguran\u00e7a p\u00fablica.<br \/>\nO presidente Jair Bolsonaro atuou em defesa dos policiais e pressionou deputados at\u00e9 horas antes da vota\u00e7\u00e3o na comiss\u00e3o. Entretanto, a articula\u00e7\u00e3o fracassou. Ao ser anunciado o resultado, policiais que estavam na comiss\u00e3o gritavam: &#8220;PSL traiu a pol\u00edcia do Brasil&#8221;. E tamb\u00e9m contra o presidente: &#8220;Bolsonaro traidor!&#8221;<br \/>\nO presidente da C\u00e2mara, Rodrigo Maia, afirmou que iniciar\u00e1 a discuss\u00e3o da reforma no plen\u00e1rio da C\u00e2mara na ter\u00e7a-feira, dia 9 de julho, para que a proposta seja votada pelos deputados at\u00e9 o final da pr\u00f3xima semana.<\/p>\n","protected":false},"excerpt":{"rendered":"<p>A comiss\u00e3o especial da C\u00e2mara concluiu na madrugada desta sexta-feira, dia 5 de julho, a vota\u00e7\u00e3o do relat\u00f3rio da reforma da Previd\u00eancia. A proposta segue para an\u00e1lise no plen\u00e1rio, onde ainda pode sofrer altera\u00e7\u00f5es. A comiss\u00e3o analisou 17 destaques. O mais pol\u00eamico deles afrouxava as regras de aposentadoria para carreiras da seguran\u00e7a p\u00fablica. O presidente Jair Bolsonaro atuou em defesa dos policiais e pressionou deputados at\u00e9 horas antes da vota\u00e7\u00e3o na comiss\u00e3o. Entretanto, a articula\u00e7\u00e3o fracassou. Ao ser anunciado&hellip;<\/p>\n","protected":false},"author":1,"featured_media":0,"comment_status":"open","ping_status":"open","sticky":false,"template":"","format":"standard","meta":{"footnotes":""},"categories":[1],"tags":[],"class_list":["post-13235","post","type-post","status-publish","format-standard","hentry","category-noticias"],"_links":{"self":[{"href":"https:\/\/blogdorogeriogomes.com.br\/noticias\/wp-json\/wp\/v2\/posts\/13235","targetHints":{"allow":["GET"]}}],"collection":[{"href":"https:\/\/blogdorogeriogomes.com.br\/noticias\/wp-json\/wp\/v2\/posts"}],"about":[{"href":"https:\/\/blogdorogeriogomes.com.br\/noticias\/wp-json\/wp\/v2\/types\/post"}],"author":[{"embeddable":true,"href":"https:\/\/blogdorogeriogomes.com.br\/noticias\/wp-json\/wp\/v2\/users\/1"}],"replies":[{"embeddable":true,"href":"https:\/\/blogdorogeriogomes.com.br\/noticias\/wp-json\/wp\/v2\/comments?post=13235"}],"version-history":[{"count":1,"href":"https:\/\/blogdorogeriogomes.com.br\/noticias\/wp-json\/wp\/v2\/posts\/13235\/revisions"}],"predecessor-version":[{"id":13237,"href":"https:\/\/blogdorogeriogomes.com.br\/noticias\/wp-json\/wp\/v2\/posts\/13235\/revisions\/13237"}],"wp:attachment":[{"href":"https:\/\/blogdorogeriogomes.com.br\/noticias\/wp-json\/wp\/v2\/media?parent=13235"}],"wp:term":[{"taxonomy":"category","embeddable":true,"href":"https:\/\/blogdorogeriogomes.com.br\/noticias\/wp-json\/wp\/v2\/categories?post=13235"},{"taxonomy":"post_tag","embeddable":true,"href":"https:\/\/blogdorogeriogomes.com.br\/noticias\/wp-json\/wp\/v2\/tags?post=13235"}],"curies":[{"name":"wp","href":"https:\/\/api.w.org\/{rel}","templated":true}]}}