{"id":13238,"date":"2019-07-05T08:37:02","date_gmt":"2019-07-05T08:37:02","guid":{"rendered":"http:\/\/blogdorogeriogomes.com.br\/?p=13238"},"modified":"2019-07-05T08:37:02","modified_gmt":"2019-07-05T08:37:02","slug":"assembleia-legislativa-aprova-projeto-que-permite-56-delegados-da-policia-civil-voltarem-a-ativa","status":"publish","type":"post","link":"https:\/\/blogdorogeriogomes.com.br\/noticias\/2019\/07\/assembleia-legislativa-aprova-projeto-que-permite-56-delegados-da-policia-civil-voltarem-a-ativa\/","title":{"rendered":"Assembleia Legislativa aprova projeto que permite 56 delegados da Pol\u00edcia Civil voltarem \u00e0 ativa"},"content":{"rendered":"<p><img loading=\"lazy\" decoding=\"async\" class=\"alignnone size-medium wp-image-13239\" src=\"http:\/\/blogdorogeriogomes.com.br\/wp-content\/uploads\/2019\/07\/IMG_20190705_053340_184-300x169.jpg\" alt=\"IMG_20190705_053340_184\" width=\"300\" height=\"169\" srcset=\"https:\/\/blogdorogeriogomes.com.br\/noticias\/wp-content\/uploads\/2019\/07\/IMG_20190705_053340_184-300x169.jpg 300w, https:\/\/blogdorogeriogomes.com.br\/noticias\/wp-content\/uploads\/2019\/07\/IMG_20190705_053340_184.jpg 400w\" sizes=\"auto, (max-width: 300px) 100vw, 300px\" \/><\/p>\n<p>Em uma articula\u00e7\u00e3o entre delegados da Pol\u00edcia Civil com o Governo do Cear\u00e1, os deputados estaduais aprovaram, nesta quinta-feira, dia 4 de julho, na Assembleia Legislativa, um projeto de lei complementar que permite que at\u00e9 56 delegados aposentados da Pol\u00edcia Civil voltem \u00e0 ativa. A proposta foi negociada enquanto um impasse na Justi\u00e7a sobre as regras de aposentadoria para policiais n\u00e3o \u00e9 resolvido. O texto segue para san\u00e7\u00e3o do governador Camilo Santana. Os delegados defendem que o retorno do efetivo ter\u00e1 efeito semelhante ao de um concurso com efeito para se aposentarem, voluntariamente, com remunera\u00e7\u00e3o integral.<\/p>\n","protected":false},"excerpt":{"rendered":"<p>Em uma articula\u00e7\u00e3o entre delegados da Pol\u00edcia Civil com o Governo do Cear\u00e1, os deputados estaduais aprovaram, nesta quinta-feira, dia 4 de julho, na Assembleia Legislativa, um projeto de lei complementar que permite que at\u00e9 56 delegados aposentados da Pol\u00edcia Civil voltem \u00e0 ativa. A proposta foi negociada enquanto um impasse na Justi\u00e7a sobre as regras de aposentadoria para policiais n\u00e3o \u00e9 resolvido. O texto segue para san\u00e7\u00e3o do governador Camilo Santana. Os delegados defendem que o retorno do&hellip;<\/p>\n","protected":false},"author":1,"featured_media":0,"comment_status":"open","ping_status":"open","sticky":false,"template":"","format":"standard","meta":{"footnotes":""},"categories":[1],"tags":[],"class_list":["post-13238","post","type-post","status-publish","format-standard","hentry","category-noticias"],"_links":{"self":[{"href":"https:\/\/blogdorogeriogomes.com.br\/noticias\/wp-json\/wp\/v2\/posts\/13238","targetHints":{"allow":["GET"]}}],"collection":[{"href":"https:\/\/blogdorogeriogomes.com.br\/noticias\/wp-json\/wp\/v2\/posts"}],"about":[{"href":"https:\/\/blogdorogeriogomes.com.br\/noticias\/wp-json\/wp\/v2\/types\/post"}],"author":[{"embeddable":true,"href":"https:\/\/blogdorogeriogomes.com.br\/noticias\/wp-json\/wp\/v2\/users\/1"}],"replies":[{"embeddable":true,"href":"https:\/\/blogdorogeriogomes.com.br\/noticias\/wp-json\/wp\/v2\/comments?post=13238"}],"version-history":[{"count":1,"href":"https:\/\/blogdorogeriogomes.com.br\/noticias\/wp-json\/wp\/v2\/posts\/13238\/revisions"}],"predecessor-version":[{"id":13240,"href":"https:\/\/blogdorogeriogomes.com.br\/noticias\/wp-json\/wp\/v2\/posts\/13238\/revisions\/13240"}],"wp:attachment":[{"href":"https:\/\/blogdorogeriogomes.com.br\/noticias\/wp-json\/wp\/v2\/media?parent=13238"}],"wp:term":[{"taxonomy":"category","embeddable":true,"href":"https:\/\/blogdorogeriogomes.com.br\/noticias\/wp-json\/wp\/v2\/categories?post=13238"},{"taxonomy":"post_tag","embeddable":true,"href":"https:\/\/blogdorogeriogomes.com.br\/noticias\/wp-json\/wp\/v2\/tags?post=13238"}],"curies":[{"name":"wp","href":"https:\/\/api.w.org\/{rel}","templated":true}]}}