{"id":13241,"date":"2019-07-05T14:49:49","date_gmt":"2019-07-05T14:49:49","guid":{"rendered":"http:\/\/blogdorogeriogomes.com.br\/?p=13241"},"modified":"2019-07-05T14:49:49","modified_gmt":"2019-07-05T14:49:49","slug":"novas-conversas-mostram-moro-contrariado-com-possivel-delacao-de-eduardo-cunha","status":"publish","type":"post","link":"https:\/\/blogdorogeriogomes.com.br\/noticias\/2019\/07\/novas-conversas-mostram-moro-contrariado-com-possivel-delacao-de-eduardo-cunha\/","title":{"rendered":"Novas conversas mostram Moro contrariado com poss\u00edvel dela\u00e7\u00e3o de Eduardo Cunha"},"content":{"rendered":"<p><img loading=\"lazy\" decoding=\"async\" class=\"alignnone size-medium wp-image-13242\" src=\"http:\/\/blogdorogeriogomes.com.br\/wp-content\/uploads\/2019\/07\/IMG_20190705_110848_816-300x176.jpg\" alt=\"IMG_20190705_110848_816\" width=\"300\" height=\"176\" srcset=\"https:\/\/blogdorogeriogomes.com.br\/noticias\/wp-content\/uploads\/2019\/07\/IMG_20190705_110848_816-300x176.jpg 300w, https:\/\/blogdorogeriogomes.com.br\/noticias\/wp-content\/uploads\/2019\/07\/IMG_20190705_110848_816.jpg 708w\" sizes=\"auto, (max-width: 300px) 100vw, 300px\" \/><\/p>\n<p>Novos di\u00e1logos revelados pela revista Veja e pelo site The Intercept Brasil nesta sexta-feira, dia 5 de julho, apresentaram mais evid\u00eancias de que o ex-juiz e atual ministro da Justi\u00e7a e Seguran\u00e7a P\u00fablica, Sergio Moro, orientou a investiga\u00e7\u00e3o do Minist\u00e9rio P\u00fablico Federal na Lava Jato, pedindo inclus\u00e3o de provas e sugerindo a mudan\u00e7a de datas de opera\u00e7\u00f5es, e mostrou contrariedade na dela\u00e7\u00e3o do ex-presidente da C\u00e2mara Eduardo Cunha. A revista acusa Moro de ter omitido informa\u00e7\u00f5es solicitadas pelo ministro do STF Teori Zavascki, morto em 2017, para manter um inqu\u00e9rito na 13\u00aa Vara Federal, ent\u00e3o chefiada pelo atual ministro da Justi\u00e7a.<br \/>\nNos di\u00e1logos, tamb\u00e9m apareceram celebra\u00e7\u00e3o de um encontro com o ministro Edson Fachin, do STF (&#8220;aha, uhu, o Fachin \u00e9 nosso&#8221;), pelo coordenador da for\u00e7a-tarefa, Deltan Dallagnol, e um encontro entre Moro e o apresentador Fausto Silva, da TV Globo, no qual o ministro recebeu dicas de como se expressar diante da opini\u00e3o p\u00fablica.<\/p>\n","protected":false},"excerpt":{"rendered":"<p>Novos di\u00e1logos revelados pela revista Veja e pelo site The Intercept Brasil nesta sexta-feira, dia 5 de julho, apresentaram mais evid\u00eancias de que o ex-juiz e atual ministro da Justi\u00e7a e Seguran\u00e7a P\u00fablica, Sergio Moro, orientou a investiga\u00e7\u00e3o do Minist\u00e9rio P\u00fablico Federal na Lava Jato, pedindo inclus\u00e3o de provas e sugerindo a mudan\u00e7a de datas de opera\u00e7\u00f5es, e mostrou contrariedade na dela\u00e7\u00e3o do ex-presidente da C\u00e2mara Eduardo Cunha. A revista acusa Moro de ter omitido informa\u00e7\u00f5es solicitadas pelo ministro&hellip;<\/p>\n","protected":false},"author":1,"featured_media":0,"comment_status":"open","ping_status":"open","sticky":false,"template":"","format":"standard","meta":{"footnotes":""},"categories":[1],"tags":[],"class_list":["post-13241","post","type-post","status-publish","format-standard","hentry","category-noticias"],"_links":{"self":[{"href":"https:\/\/blogdorogeriogomes.com.br\/noticias\/wp-json\/wp\/v2\/posts\/13241","targetHints":{"allow":["GET"]}}],"collection":[{"href":"https:\/\/blogdorogeriogomes.com.br\/noticias\/wp-json\/wp\/v2\/posts"}],"about":[{"href":"https:\/\/blogdorogeriogomes.com.br\/noticias\/wp-json\/wp\/v2\/types\/post"}],"author":[{"embeddable":true,"href":"https:\/\/blogdorogeriogomes.com.br\/noticias\/wp-json\/wp\/v2\/users\/1"}],"replies":[{"embeddable":true,"href":"https:\/\/blogdorogeriogomes.com.br\/noticias\/wp-json\/wp\/v2\/comments?post=13241"}],"version-history":[{"count":1,"href":"https:\/\/blogdorogeriogomes.com.br\/noticias\/wp-json\/wp\/v2\/posts\/13241\/revisions"}],"predecessor-version":[{"id":13243,"href":"https:\/\/blogdorogeriogomes.com.br\/noticias\/wp-json\/wp\/v2\/posts\/13241\/revisions\/13243"}],"wp:attachment":[{"href":"https:\/\/blogdorogeriogomes.com.br\/noticias\/wp-json\/wp\/v2\/media?parent=13241"}],"wp:term":[{"taxonomy":"category","embeddable":true,"href":"https:\/\/blogdorogeriogomes.com.br\/noticias\/wp-json\/wp\/v2\/categories?post=13241"},{"taxonomy":"post_tag","embeddable":true,"href":"https:\/\/blogdorogeriogomes.com.br\/noticias\/wp-json\/wp\/v2\/tags?post=13241"}],"curies":[{"name":"wp","href":"https:\/\/api.w.org\/{rel}","templated":true}]}}