{"id":13251,"date":"2019-07-08T08:51:37","date_gmt":"2019-07-08T08:51:37","guid":{"rendered":"http:\/\/blogdorogeriogomes.com.br\/?p=13251"},"modified":"2019-07-08T08:51:37","modified_gmt":"2019-07-08T08:51:37","slug":"roberto-claudio-define-cronograma-de-obras-com-secretariado-municipal","status":"publish","type":"post","link":"https:\/\/blogdorogeriogomes.com.br\/noticias\/2019\/07\/roberto-claudio-define-cronograma-de-obras-com-secretariado-municipal\/","title":{"rendered":"Roberto Cl\u00e1udio define cronograma de obras com secretariado municipal"},"content":{"rendered":"<p><img loading=\"lazy\" decoding=\"async\" class=\"alignnone size-medium wp-image-13252\" src=\"http:\/\/blogdorogeriogomes.com.br\/wp-content\/uploads\/2019\/07\/IMG_20190708_054624_196-300x198.jpg\" alt=\"IMG_20190708_054624_196\" width=\"300\" height=\"198\" srcset=\"https:\/\/blogdorogeriogomes.com.br\/noticias\/wp-content\/uploads\/2019\/07\/IMG_20190708_054624_196-300x198.jpg 300w, https:\/\/blogdorogeriogomes.com.br\/noticias\/wp-content\/uploads\/2019\/07\/IMG_20190708_054624_196-768x507.jpg 768w, https:\/\/blogdorogeriogomes.com.br\/noticias\/wp-content\/uploads\/2019\/07\/IMG_20190708_054624_196-1024x676.jpg 1024w, https:\/\/blogdorogeriogomes.com.br\/noticias\/wp-content\/uploads\/2019\/07\/IMG_20190708_054624_196.jpg 1708w\" sizes=\"auto, (max-width: 300px) 100vw, 300px\" \/><\/p>\n<p>O prefeito de Fortaleza, Roberto Cl\u00e1udio, coordenou, na manh\u00e3 de s\u00e1bado, dia 6 de julgo,, reuni\u00e3o com secret\u00e1rios municipais para atualizar o cronograma de investimentos oriundos do Programa Mais A\u00e7\u00e3o. Durante o encontro, realizado no Pa\u00e7o Municipal, foram definidas a\u00e7\u00f5es priorit\u00e1rias para garantir a execu\u00e7\u00e3o de obras nas \u00e1reas da sa\u00fade, educa\u00e7\u00e3o, prote\u00e7\u00e3o social, cultura, esporte e lazer, mobilidade, infraestrutura e urbaniza\u00e7\u00e3o.<br \/>\nCom um valor global de recursos a serem investidos na ordem de R$ 1,5 bilh\u00e3o, as a\u00e7\u00f5es da Prefeitura de Fortaleza v\u00e3o garantir, dentre as iniciativas previstas, a reforma e a constru\u00e7\u00e3o de unidades de sa\u00fade, a requalifica\u00e7\u00e3o de espa\u00e7os p\u00fablicos, a edifica\u00e7\u00e3o de Centros de Educa\u00e7\u00e3o Infantil e Escolas de Tempo Integral, a urbaniza\u00e7\u00e3o de lagoas, a drenagem e a pavimenta\u00e7\u00e3o de vias, al\u00e9m da implanta\u00e7\u00e3o de bin\u00e1rios, de ciclofaixas e de melhorias voltadas ao transporte p\u00fablico municipal. O pacote inclui, ainda, a constru\u00e7\u00e3o de 47 novas Areninhas, a expans\u00e3o da assist\u00eancia \u00e0 sa\u00fade animal e a amplia\u00e7\u00e3o da rede de Ecopontos.<br \/>\nA iniciativa deve contemplar, no bi\u00eanio 2019-2020, todas as Regionais da Capital.<\/p>\n","protected":false},"excerpt":{"rendered":"<p>O prefeito de Fortaleza, Roberto Cl\u00e1udio, coordenou, na manh\u00e3 de s\u00e1bado, dia 6 de julgo,, reuni\u00e3o com secret\u00e1rios municipais para atualizar o cronograma de investimentos oriundos do Programa Mais A\u00e7\u00e3o. Durante o encontro, realizado no Pa\u00e7o Municipal, foram definidas a\u00e7\u00f5es priorit\u00e1rias para garantir a execu\u00e7\u00e3o de obras nas \u00e1reas da sa\u00fade, educa\u00e7\u00e3o, prote\u00e7\u00e3o social, cultura, esporte e lazer, mobilidade, infraestrutura e urbaniza\u00e7\u00e3o. Com um valor global de recursos a serem investidos na ordem de R$ 1,5 bilh\u00e3o, as a\u00e7\u00f5es&hellip;<\/p>\n","protected":false},"author":1,"featured_media":0,"comment_status":"open","ping_status":"open","sticky":false,"template":"","format":"standard","meta":{"footnotes":""},"categories":[1],"tags":[],"class_list":["post-13251","post","type-post","status-publish","format-standard","hentry","category-noticias"],"_links":{"self":[{"href":"https:\/\/blogdorogeriogomes.com.br\/noticias\/wp-json\/wp\/v2\/posts\/13251","targetHints":{"allow":["GET"]}}],"collection":[{"href":"https:\/\/blogdorogeriogomes.com.br\/noticias\/wp-json\/wp\/v2\/posts"}],"about":[{"href":"https:\/\/blogdorogeriogomes.com.br\/noticias\/wp-json\/wp\/v2\/types\/post"}],"author":[{"embeddable":true,"href":"https:\/\/blogdorogeriogomes.com.br\/noticias\/wp-json\/wp\/v2\/users\/1"}],"replies":[{"embeddable":true,"href":"https:\/\/blogdorogeriogomes.com.br\/noticias\/wp-json\/wp\/v2\/comments?post=13251"}],"version-history":[{"count":1,"href":"https:\/\/blogdorogeriogomes.com.br\/noticias\/wp-json\/wp\/v2\/posts\/13251\/revisions"}],"predecessor-version":[{"id":13253,"href":"https:\/\/blogdorogeriogomes.com.br\/noticias\/wp-json\/wp\/v2\/posts\/13251\/revisions\/13253"}],"wp:attachment":[{"href":"https:\/\/blogdorogeriogomes.com.br\/noticias\/wp-json\/wp\/v2\/media?parent=13251"}],"wp:term":[{"taxonomy":"category","embeddable":true,"href":"https:\/\/blogdorogeriogomes.com.br\/noticias\/wp-json\/wp\/v2\/categories?post=13251"},{"taxonomy":"post_tag","embeddable":true,"href":"https:\/\/blogdorogeriogomes.com.br\/noticias\/wp-json\/wp\/v2\/tags?post=13251"}],"curies":[{"name":"wp","href":"https:\/\/api.w.org\/{rel}","templated":true}]}}