{"id":13254,"date":"2019-07-08T09:02:41","date_gmt":"2019-07-08T09:02:41","guid":{"rendered":"http:\/\/blogdorogeriogomes.com.br\/?p=13254"},"modified":"2019-07-08T09:02:41","modified_gmt":"2019-07-08T09:02:41","slug":"reforma-da-previdencia-comeca-a-ser-discutida-no-plenario-da-camara-nesta-terca-feira","status":"publish","type":"post","link":"https:\/\/blogdorogeriogomes.com.br\/noticias\/2019\/07\/reforma-da-previdencia-comeca-a-ser-discutida-no-plenario-da-camara-nesta-terca-feira\/","title":{"rendered":"Reforma da Previd\u00eancia come\u00e7a a ser discutida no plen\u00e1rio da C\u00e2mara nesta ter\u00e7a-feira"},"content":{"rendered":"<p><img loading=\"lazy\" decoding=\"async\" class=\"alignnone size-medium wp-image-13255\" src=\"http:\/\/blogdorogeriogomes.com.br\/wp-content\/uploads\/2019\/07\/IMG_20190708_055813_425-300x217.jpg\" alt=\"IMG_20190708_055813_425\" width=\"300\" height=\"217\" srcset=\"https:\/\/blogdorogeriogomes.com.br\/noticias\/wp-content\/uploads\/2019\/07\/IMG_20190708_055813_425-300x217.jpg 300w, https:\/\/blogdorogeriogomes.com.br\/noticias\/wp-content\/uploads\/2019\/07\/IMG_20190708_055813_425.jpg 620w\" sizes=\"auto, (max-width: 300px) 100vw, 300px\" \/><\/p>\n<p>O parecer do deputado Samuel Moreira (PSDB-SP) sobre a reforma da Previd\u00eancia, aprovado na \u00faltima semana pela comiss\u00e3o especial, come\u00e7a a ser analisado no plen\u00e1rio pelos deputados federais, em Bras\u00edlia, a partir de ter\u00e7a-feira, dia 9 de julho.<br \/>\nO ministro da Casa Civil, Onyx Lorenzoni, afirmou que mapeamento do Pal\u00e1cio do Planalto aponta que a proposta de reforma da Previd\u00eancia deve ser aprovada em primeiro turno no plen\u00e1rio da C\u00e2mara com cerca de 330 votos.<br \/>\nPara ser aprovada pelos deputados, a proposta de emenda \u00e0 Constitui\u00e7\u00e3o (PEC) da Previd\u00eancia precisa obter, no m\u00ednimo, 308 votos, em dois turnos de vota\u00e7\u00e3o, n\u00famero correspondente a 60% dos 513 parlamentares da Casa. A estimativa divulgada pelo chefe da Casa Civil prev\u00ea uma margem de seguran\u00e7a para que o texto passe para o segundo turno.<br \/>\nOnyx se reuniu na manh\u00e3 deste domingo, dia 7, \u00e0 resid\u00eancia oficial do presidente da C\u00e2mara, Rodrigo Maia (DEM-RJ), para alinhar a estrat\u00e9gia para colocar a PEC em vota\u00e7\u00e3o nesta semana. O presidente do Senado, Davi Alcolumbre (DEM-AP), e o secret\u00e1rio especial de Previd\u00eancia e Trabalho do Minist\u00e9rio da Economia, Rog\u00e9rio Marinho, tamb\u00e9m participaram da reuni\u00e3o.<\/p>\n","protected":false},"excerpt":{"rendered":"<p>O parecer do deputado Samuel Moreira (PSDB-SP) sobre a reforma da Previd\u00eancia, aprovado na \u00faltima semana pela comiss\u00e3o especial, come\u00e7a a ser analisado no plen\u00e1rio pelos deputados federais, em Bras\u00edlia, a partir de ter\u00e7a-feira, dia 9 de julho. O ministro da Casa Civil, Onyx Lorenzoni, afirmou que mapeamento do Pal\u00e1cio do Planalto aponta que a proposta de reforma da Previd\u00eancia deve ser aprovada em primeiro turno no plen\u00e1rio da C\u00e2mara com cerca de 330 votos. Para ser aprovada pelos&hellip;<\/p>\n","protected":false},"author":1,"featured_media":0,"comment_status":"open","ping_status":"open","sticky":false,"template":"","format":"standard","meta":{"footnotes":""},"categories":[1],"tags":[],"class_list":["post-13254","post","type-post","status-publish","format-standard","hentry","category-noticias"],"_links":{"self":[{"href":"https:\/\/blogdorogeriogomes.com.br\/noticias\/wp-json\/wp\/v2\/posts\/13254","targetHints":{"allow":["GET"]}}],"collection":[{"href":"https:\/\/blogdorogeriogomes.com.br\/noticias\/wp-json\/wp\/v2\/posts"}],"about":[{"href":"https:\/\/blogdorogeriogomes.com.br\/noticias\/wp-json\/wp\/v2\/types\/post"}],"author":[{"embeddable":true,"href":"https:\/\/blogdorogeriogomes.com.br\/noticias\/wp-json\/wp\/v2\/users\/1"}],"replies":[{"embeddable":true,"href":"https:\/\/blogdorogeriogomes.com.br\/noticias\/wp-json\/wp\/v2\/comments?post=13254"}],"version-history":[{"count":1,"href":"https:\/\/blogdorogeriogomes.com.br\/noticias\/wp-json\/wp\/v2\/posts\/13254\/revisions"}],"predecessor-version":[{"id":13256,"href":"https:\/\/blogdorogeriogomes.com.br\/noticias\/wp-json\/wp\/v2\/posts\/13254\/revisions\/13256"}],"wp:attachment":[{"href":"https:\/\/blogdorogeriogomes.com.br\/noticias\/wp-json\/wp\/v2\/media?parent=13254"}],"wp:term":[{"taxonomy":"category","embeddable":true,"href":"https:\/\/blogdorogeriogomes.com.br\/noticias\/wp-json\/wp\/v2\/categories?post=13254"},{"taxonomy":"post_tag","embeddable":true,"href":"https:\/\/blogdorogeriogomes.com.br\/noticias\/wp-json\/wp\/v2\/tags?post=13254"}],"curies":[{"name":"wp","href":"https:\/\/api.w.org\/{rel}","templated":true}]}}