{"id":13257,"date":"2019-07-08T19:55:01","date_gmt":"2019-07-08T19:55:01","guid":{"rendered":"http:\/\/blogdorogeriogomes.com.br\/?p=13257"},"modified":"2019-07-08T21:34:56","modified_gmt":"2019-07-08T21:34:56","slug":"deltan-dallagnol-presta-esclarecimentos-na-camara-dos-deputados-nesta-terca-feira","status":"publish","type":"post","link":"https:\/\/blogdorogeriogomes.com.br\/noticias\/2019\/07\/deltan-dallagnol-presta-esclarecimentos-na-camara-dos-deputados-nesta-terca-feira\/","title":{"rendered":"Deltan Dallagnol presta esclarecimentos na C\u00e2mara dos Deputados nesta ter\u00e7a-feira"},"content":{"rendered":"<p><img loading=\"lazy\" decoding=\"async\" class=\"alignnone size-medium wp-image-13258\" src=\"http:\/\/blogdorogeriogomes.com.br\/wp-content\/uploads\/2019\/07\/IMG_20190708_164751_131-300x226.jpg\" alt=\"IMG_20190708_164751_131\" width=\"300\" height=\"226\" srcset=\"https:\/\/blogdorogeriogomes.com.br\/noticias\/wp-content\/uploads\/2019\/07\/IMG_20190708_164751_131-300x226.jpg 300w, https:\/\/blogdorogeriogomes.com.br\/noticias\/wp-content\/uploads\/2019\/07\/IMG_20190708_164751_131.jpg 510w\" sizes=\"auto, (max-width: 300px) 100vw, 300px\" \/><\/p>\n<p>Depois do ministro da Justi\u00e7a, S\u00e9rgio Moro, agora, a Comiss\u00e3o de Direitos Humanos e Minorias da C\u00e2mara dos Deputados realiza audi\u00eancia p\u00fablica nesta ter\u00e7a-feira, dia 9 se julho, para ouvir o coordenador da Opera\u00e7\u00e3o Lava Jato em Curitiba, procurador da Rep\u00fablica Deltan Dallagnol; e o representante da coordena\u00e7\u00e3o-executiva da Associa\u00e7\u00e3o Brasileira de Juristas pela Democracia (ABJD), juiz Marcelo Semer.<br \/>\nO objetivo da reuni\u00e3o ser\u00e1 debater as reportagens do The Intercept Brasil que revelam mensagens trocadas entre Deltan Dallagnol, o ent\u00e3o juiz S\u00e9rgio Moro e outros integrantes da Lava Jato. Os textos do The Intercept levantam a suspeita de que Moro teria atuado com parcialidade em decis\u00f5es relacionadas \u00e0 opera\u00e7\u00e3o.<\/p>\n<p>Em tempo: em mensagem enviada ao Congresso Nacional, o chefe da for\u00e7a-tarefa da Lava Jato em Curitiba, Deltan Dallagnol, informa que n\u00e3o ir\u00e1 ao Congresso para falar sobre as mensagens vazadas do seu aplicativo Telegram.<\/p>\n","protected":false},"excerpt":{"rendered":"<p>Depois do ministro da Justi\u00e7a, S\u00e9rgio Moro, agora, a Comiss\u00e3o de Direitos Humanos e Minorias da C\u00e2mara dos Deputados realiza audi\u00eancia p\u00fablica nesta ter\u00e7a-feira, dia 9 se julho, para ouvir o coordenador da Opera\u00e7\u00e3o Lava Jato em Curitiba, procurador da Rep\u00fablica Deltan Dallagnol; e o representante da coordena\u00e7\u00e3o-executiva da Associa\u00e7\u00e3o Brasileira de Juristas pela Democracia (ABJD), juiz Marcelo Semer. O objetivo da reuni\u00e3o ser\u00e1 debater as reportagens do The Intercept Brasil que revelam mensagens trocadas entre Deltan Dallagnol, o&hellip;<\/p>\n","protected":false},"author":1,"featured_media":0,"comment_status":"open","ping_status":"open","sticky":false,"template":"","format":"standard","meta":{"footnotes":""},"categories":[1],"tags":[],"class_list":["post-13257","post","type-post","status-publish","format-standard","hentry","category-noticias"],"_links":{"self":[{"href":"https:\/\/blogdorogeriogomes.com.br\/noticias\/wp-json\/wp\/v2\/posts\/13257","targetHints":{"allow":["GET"]}}],"collection":[{"href":"https:\/\/blogdorogeriogomes.com.br\/noticias\/wp-json\/wp\/v2\/posts"}],"about":[{"href":"https:\/\/blogdorogeriogomes.com.br\/noticias\/wp-json\/wp\/v2\/types\/post"}],"author":[{"embeddable":true,"href":"https:\/\/blogdorogeriogomes.com.br\/noticias\/wp-json\/wp\/v2\/users\/1"}],"replies":[{"embeddable":true,"href":"https:\/\/blogdorogeriogomes.com.br\/noticias\/wp-json\/wp\/v2\/comments?post=13257"}],"version-history":[{"count":2,"href":"https:\/\/blogdorogeriogomes.com.br\/noticias\/wp-json\/wp\/v2\/posts\/13257\/revisions"}],"predecessor-version":[{"id":13260,"href":"https:\/\/blogdorogeriogomes.com.br\/noticias\/wp-json\/wp\/v2\/posts\/13257\/revisions\/13260"}],"wp:attachment":[{"href":"https:\/\/blogdorogeriogomes.com.br\/noticias\/wp-json\/wp\/v2\/media?parent=13257"}],"wp:term":[{"taxonomy":"category","embeddable":true,"href":"https:\/\/blogdorogeriogomes.com.br\/noticias\/wp-json\/wp\/v2\/categories?post=13257"},{"taxonomy":"post_tag","embeddable":true,"href":"https:\/\/blogdorogeriogomes.com.br\/noticias\/wp-json\/wp\/v2\/tags?post=13257"}],"curies":[{"name":"wp","href":"https:\/\/api.w.org\/{rel}","templated":true}]}}