{"id":13261,"date":"2019-07-08T21:55:39","date_gmt":"2019-07-08T21:55:39","guid":{"rendered":"http:\/\/blogdorogeriogomes.com.br\/?p=13261"},"modified":"2019-07-08T21:55:39","modified_gmt":"2019-07-08T21:55:39","slug":"governo-do-ceara-deve-repassar-nove-imoveis-do-estado-para-a-iniciativa-privada","status":"publish","type":"post","link":"https:\/\/blogdorogeriogomes.com.br\/noticias\/2019\/07\/governo-do-ceara-deve-repassar-nove-imoveis-do-estado-para-a-iniciativa-privada\/","title":{"rendered":"Governo do Cear\u00e1 deve repassar nove im\u00f3veis do Estado para a iniciativa privada"},"content":{"rendered":"<p><img loading=\"lazy\" decoding=\"async\" class=\"alignnone size-medium wp-image-13262\" src=\"http:\/\/blogdorogeriogomes.com.br\/wp-content\/uploads\/2019\/07\/IMG_20190708_185048_988-300x226.jpg\" alt=\"IMG_20190708_185048_988\" width=\"300\" height=\"226\" srcset=\"https:\/\/blogdorogeriogomes.com.br\/noticias\/wp-content\/uploads\/2019\/07\/IMG_20190708_185048_988-300x226.jpg 300w, https:\/\/blogdorogeriogomes.com.br\/noticias\/wp-content\/uploads\/2019\/07\/IMG_20190708_185048_988.jpg 500w\" sizes=\"auto, (max-width: 300px) 100vw, 300px\" \/><\/p>\n<p>O Governo do Cear\u00e1 se mostra disposto a repassar para a iniciativa privada pelo menos nove im\u00f3veis pertencente ao Estado, sendo oito em Fortaleza e um na cidade do Eus\u00e9bio. Um projeto de lei que trata do assunto deve ir \u00e0 vota\u00e7\u00e3o esta semana na Assembleia Legislativa. O Estado prev\u00ea arrecadar R$ 700 milh\u00f5es com as concess\u00f5es.<br \/>\nOs im\u00f3veis previstos para aliena\u00e7\u00e3o total ou de forma parcial s\u00e3o a antiga sede do Instituto Professor Olavo de Oliveira (IPPOO I), no bairro Itaperi; o Parque de exposi\u00e7\u00f5es Governador C\u00e9sar Cals (Expoece), no bairro S\u00e3o Gerardo; a sede da Cavalaria da Pol\u00edcia Militar, no bairro Messejana; o pr\u00e9dio da Superintend\u00eancia Estadual do Meio Ambiente do Cear\u00e1 (Semace), no bairro Jos\u00e9 Bonif\u00e1cio; o Centro Administrativo B\u00e1rbara de Alencar, no bairro Edson Queiroz; a sede da Secretaria Estadual do Meio Ambiente (Semace), no bairro Dion\u00edsio Torres; a sede da Secretaria Estadual de Seguran\u00e7a P\u00fablica e Defesa Social (SSPDS). no bairro S\u00e3o Gerardo; a sede do Minist\u00e9rio P\u00fablico Estadual, no bairro Jos\u00e9 Bonif\u00e1cio; e o Aut\u00f3dromo Internacional Virg\u00edlio T\u00e1vora, no munic\u00edpio do Eus\u00e9bio.<\/p>\n","protected":false},"excerpt":{"rendered":"<p>O Governo do Cear\u00e1 se mostra disposto a repassar para a iniciativa privada pelo menos nove im\u00f3veis pertencente ao Estado, sendo oito em Fortaleza e um na cidade do Eus\u00e9bio. Um projeto de lei que trata do assunto deve ir \u00e0 vota\u00e7\u00e3o esta semana na Assembleia Legislativa. O Estado prev\u00ea arrecadar R$ 700 milh\u00f5es com as concess\u00f5es. Os im\u00f3veis previstos para aliena\u00e7\u00e3o total ou de forma parcial s\u00e3o a antiga sede do Instituto Professor Olavo de Oliveira (IPPOO I),&hellip;<\/p>\n","protected":false},"author":1,"featured_media":0,"comment_status":"open","ping_status":"open","sticky":false,"template":"","format":"standard","meta":{"footnotes":""},"categories":[1],"tags":[],"class_list":["post-13261","post","type-post","status-publish","format-standard","hentry","category-noticias"],"_links":{"self":[{"href":"https:\/\/blogdorogeriogomes.com.br\/noticias\/wp-json\/wp\/v2\/posts\/13261","targetHints":{"allow":["GET"]}}],"collection":[{"href":"https:\/\/blogdorogeriogomes.com.br\/noticias\/wp-json\/wp\/v2\/posts"}],"about":[{"href":"https:\/\/blogdorogeriogomes.com.br\/noticias\/wp-json\/wp\/v2\/types\/post"}],"author":[{"embeddable":true,"href":"https:\/\/blogdorogeriogomes.com.br\/noticias\/wp-json\/wp\/v2\/users\/1"}],"replies":[{"embeddable":true,"href":"https:\/\/blogdorogeriogomes.com.br\/noticias\/wp-json\/wp\/v2\/comments?post=13261"}],"version-history":[{"count":1,"href":"https:\/\/blogdorogeriogomes.com.br\/noticias\/wp-json\/wp\/v2\/posts\/13261\/revisions"}],"predecessor-version":[{"id":13263,"href":"https:\/\/blogdorogeriogomes.com.br\/noticias\/wp-json\/wp\/v2\/posts\/13261\/revisions\/13263"}],"wp:attachment":[{"href":"https:\/\/blogdorogeriogomes.com.br\/noticias\/wp-json\/wp\/v2\/media?parent=13261"}],"wp:term":[{"taxonomy":"category","embeddable":true,"href":"https:\/\/blogdorogeriogomes.com.br\/noticias\/wp-json\/wp\/v2\/categories?post=13261"},{"taxonomy":"post_tag","embeddable":true,"href":"https:\/\/blogdorogeriogomes.com.br\/noticias\/wp-json\/wp\/v2\/tags?post=13261"}],"curies":[{"name":"wp","href":"https:\/\/api.w.org\/{rel}","templated":true}]}}