{"id":13265,"date":"2019-07-09T08:43:29","date_gmt":"2019-07-09T08:43:29","guid":{"rendered":"http:\/\/blogdorogeriogomes.com.br\/?p=13265"},"modified":"2019-07-09T08:43:29","modified_gmt":"2019-07-09T08:43:29","slug":"governo-estadual-encerra-programa-sua-nota-vale-dinheiro-e-estuda-outra-forma-de-incentivo-fiscal","status":"publish","type":"post","link":"https:\/\/blogdorogeriogomes.com.br\/noticias\/2019\/07\/governo-estadual-encerra-programa-sua-nota-vale-dinheiro-e-estuda-outra-forma-de-incentivo-fiscal\/","title":{"rendered":"Governo estadual encerra programa \u201cSua Nota Vale Dinheiro\u201d e estuda outra forma de incentivo fiscal"},"content":{"rendered":"<p><img loading=\"lazy\" decoding=\"async\" class=\"alignnone size-medium wp-image-13266\" src=\"http:\/\/blogdorogeriogomes.com.br\/wp-content\/uploads\/2019\/07\/IMG_20190709_053836_502-300x226.jpg\" alt=\"IMG_20190709_053836_502\" width=\"300\" height=\"226\" srcset=\"https:\/\/blogdorogeriogomes.com.br\/noticias\/wp-content\/uploads\/2019\/07\/IMG_20190709_053836_502-300x226.jpg 300w, https:\/\/blogdorogeriogomes.com.br\/noticias\/wp-content\/uploads\/2019\/07\/IMG_20190709_053836_502.jpg 517w\" sizes=\"auto, (max-width: 300px) 100vw, 300px\" \/><\/p>\n<p>Iniciativa da Secretaria da Fazenda do Cear\u00e1, o programa &#8220;Sua Nota Vale Dinheiro&#8221; deixa de funcionar a partir de 31 de julho. A meta \u00e9 reestruturar o projeto que incentiva a cobran\u00e7a pela emiss\u00e3o de notas fiscais.<br \/>\nO Governo do Estado confirma que est\u00e1 trabalhando na atualiza\u00e7\u00e3o do modelo, que dever\u00e1 reduzir custos e n\u00e3o utilizar\u00e1 mais o papel. Pessoas f\u00edsicas e jur\u00eddicas que tiverem algum cr\u00e9dito a receber pelo &#8220;Sua Nota Vale Dinheiro&#8221; t\u00eam o reembolso garantido, contanto que tenham cadastrado as notas entre o dia 1\u00ba de janeiro de 2016 e 31 de julho de 2019.<br \/>\nA informa\u00e7\u00e3o foi confirmada pela publica\u00e7\u00e3o de um decreto do governador Camilo Santana, no Di\u00e1rio Oficial do Estado. A inten\u00e7\u00e3o do encerramento do projeto \u00e9 realizar uma renova\u00e7\u00e3o do sistema de retorno financeiro ao contribuinte (pessoa f\u00edsica ou jur\u00eddica) atrav\u00e9s do cadastro de notas fiscais.<\/p>\n","protected":false},"excerpt":{"rendered":"<p>Iniciativa da Secretaria da Fazenda do Cear\u00e1, o programa &#8220;Sua Nota Vale Dinheiro&#8221; deixa de funcionar a partir de 31 de julho. A meta \u00e9 reestruturar o projeto que incentiva a cobran\u00e7a pela emiss\u00e3o de notas fiscais. O Governo do Estado confirma que est\u00e1 trabalhando na atualiza\u00e7\u00e3o do modelo, que dever\u00e1 reduzir custos e n\u00e3o utilizar\u00e1 mais o papel. Pessoas f\u00edsicas e jur\u00eddicas que tiverem algum cr\u00e9dito a receber pelo &#8220;Sua Nota Vale Dinheiro&#8221; t\u00eam o reembolso garantido, contanto&hellip;<\/p>\n","protected":false},"author":1,"featured_media":0,"comment_status":"open","ping_status":"open","sticky":false,"template":"","format":"standard","meta":{"footnotes":""},"categories":[1],"tags":[],"class_list":["post-13265","post","type-post","status-publish","format-standard","hentry","category-noticias"],"_links":{"self":[{"href":"https:\/\/blogdorogeriogomes.com.br\/noticias\/wp-json\/wp\/v2\/posts\/13265","targetHints":{"allow":["GET"]}}],"collection":[{"href":"https:\/\/blogdorogeriogomes.com.br\/noticias\/wp-json\/wp\/v2\/posts"}],"about":[{"href":"https:\/\/blogdorogeriogomes.com.br\/noticias\/wp-json\/wp\/v2\/types\/post"}],"author":[{"embeddable":true,"href":"https:\/\/blogdorogeriogomes.com.br\/noticias\/wp-json\/wp\/v2\/users\/1"}],"replies":[{"embeddable":true,"href":"https:\/\/blogdorogeriogomes.com.br\/noticias\/wp-json\/wp\/v2\/comments?post=13265"}],"version-history":[{"count":1,"href":"https:\/\/blogdorogeriogomes.com.br\/noticias\/wp-json\/wp\/v2\/posts\/13265\/revisions"}],"predecessor-version":[{"id":13267,"href":"https:\/\/blogdorogeriogomes.com.br\/noticias\/wp-json\/wp\/v2\/posts\/13265\/revisions\/13267"}],"wp:attachment":[{"href":"https:\/\/blogdorogeriogomes.com.br\/noticias\/wp-json\/wp\/v2\/media?parent=13265"}],"wp:term":[{"taxonomy":"category","embeddable":true,"href":"https:\/\/blogdorogeriogomes.com.br\/noticias\/wp-json\/wp\/v2\/categories?post=13265"},{"taxonomy":"post_tag","embeddable":true,"href":"https:\/\/blogdorogeriogomes.com.br\/noticias\/wp-json\/wp\/v2\/tags?post=13265"}],"curies":[{"name":"wp","href":"https:\/\/api.w.org\/{rel}","templated":true}]}}