{"id":13268,"date":"2019-07-09T09:02:36","date_gmt":"2019-07-09T09:02:36","guid":{"rendered":"http:\/\/blogdorogeriogomes.com.br\/?p=13268"},"modified":"2019-07-09T09:02:36","modified_gmt":"2019-07-09T09:02:36","slug":"em-meio-a-crise-moro-e-dallagnol-tentam-fugir-dos-holofotes-da-midia","status":"publish","type":"post","link":"https:\/\/blogdorogeriogomes.com.br\/noticias\/2019\/07\/em-meio-a-crise-moro-e-dallagnol-tentam-fugir-dos-holofotes-da-midia\/","title":{"rendered":"Em meio a crise, Moro e Dallagnol tentam fugir dos holofotes da m\u00eddia"},"content":{"rendered":"<p><img loading=\"lazy\" decoding=\"async\" class=\"alignnone size-medium wp-image-13269\" src=\"http:\/\/blogdorogeriogomes.com.br\/wp-content\/uploads\/2019\/07\/IMG_20190709_055924_246-300x239.jpg\" alt=\"IMG_20190709_055924_246\" width=\"300\" height=\"239\" srcset=\"https:\/\/blogdorogeriogomes.com.br\/noticias\/wp-content\/uploads\/2019\/07\/IMG_20190709_055924_246-300x239.jpg 300w, https:\/\/blogdorogeriogomes.com.br\/noticias\/wp-content\/uploads\/2019\/07\/IMG_20190709_055924_246.jpg 539w\" sizes=\"auto, (max-width: 300px) 100vw, 300px\" \/><\/p>\n<p>Mesmo diante do cen\u00e1rio turbulento provocado pela divulga\u00e7\u00e3o de mensagens trocadas com o procurador Deltan Dallagnol, o ministro da Justi\u00e7a e Seguran\u00e7a P\u00fablica, Sergio Moro, decidiu tirar uma licen\u00e7a entre a pr\u00f3xima segunda-feira, dia 15 de julho, e a sexta-feira, dia 19 de julho, sob alegativa de &#8220;tratar de assuntos particulares&#8221;. A iniciativa gerou desconfian\u00e7a nos setores de oposi\u00e7\u00e3o do Congresso, que acreditam n\u00e3o existir motiva\u00e7\u00e3o de f\u00e9rias em meio a esse momento de crise pol\u00edtica.<br \/>\nPor outro lado, o procurador Deltan Dallagnol, coordenador da for\u00e7a-tarefa da Opera\u00e7\u00e3o Lava Jato de Curitiba, resolveu n\u00e3o comparecer \u00e0 audi\u00eancia para a qual foi convidado na Comiss\u00e3o de Direitos Humanos da C\u00e2mara, marcada para a tarde desta ter\u00e7a-feira, dia 9 de julho. Dallagnol diz que \u00e9 \u201ct\u00e9cnico\u201d e se recusa a ir a comiss\u00e3o de pol\u00edticos. A aus\u00eancia na C\u00e2mara, certamente, deve gerar uma rea\u00e7\u00e3o mais forte dos congressistas.<\/p>\n","protected":false},"excerpt":{"rendered":"<p>Mesmo diante do cen\u00e1rio turbulento provocado pela divulga\u00e7\u00e3o de mensagens trocadas com o procurador Deltan Dallagnol, o ministro da Justi\u00e7a e Seguran\u00e7a P\u00fablica, Sergio Moro, decidiu tirar uma licen\u00e7a entre a pr\u00f3xima segunda-feira, dia 15 de julho, e a sexta-feira, dia 19 de julho, sob alegativa de &#8220;tratar de assuntos particulares&#8221;. A iniciativa gerou desconfian\u00e7a nos setores de oposi\u00e7\u00e3o do Congresso, que acreditam n\u00e3o existir motiva\u00e7\u00e3o de f\u00e9rias em meio a esse momento de crise pol\u00edtica. Por outro lado,&hellip;<\/p>\n","protected":false},"author":1,"featured_media":0,"comment_status":"open","ping_status":"open","sticky":false,"template":"","format":"standard","meta":{"footnotes":""},"categories":[1],"tags":[],"class_list":["post-13268","post","type-post","status-publish","format-standard","hentry","category-noticias"],"_links":{"self":[{"href":"https:\/\/blogdorogeriogomes.com.br\/noticias\/wp-json\/wp\/v2\/posts\/13268","targetHints":{"allow":["GET"]}}],"collection":[{"href":"https:\/\/blogdorogeriogomes.com.br\/noticias\/wp-json\/wp\/v2\/posts"}],"about":[{"href":"https:\/\/blogdorogeriogomes.com.br\/noticias\/wp-json\/wp\/v2\/types\/post"}],"author":[{"embeddable":true,"href":"https:\/\/blogdorogeriogomes.com.br\/noticias\/wp-json\/wp\/v2\/users\/1"}],"replies":[{"embeddable":true,"href":"https:\/\/blogdorogeriogomes.com.br\/noticias\/wp-json\/wp\/v2\/comments?post=13268"}],"version-history":[{"count":1,"href":"https:\/\/blogdorogeriogomes.com.br\/noticias\/wp-json\/wp\/v2\/posts\/13268\/revisions"}],"predecessor-version":[{"id":13270,"href":"https:\/\/blogdorogeriogomes.com.br\/noticias\/wp-json\/wp\/v2\/posts\/13268\/revisions\/13270"}],"wp:attachment":[{"href":"https:\/\/blogdorogeriogomes.com.br\/noticias\/wp-json\/wp\/v2\/media?parent=13268"}],"wp:term":[{"taxonomy":"category","embeddable":true,"href":"https:\/\/blogdorogeriogomes.com.br\/noticias\/wp-json\/wp\/v2\/categories?post=13268"},{"taxonomy":"post_tag","embeddable":true,"href":"https:\/\/blogdorogeriogomes.com.br\/noticias\/wp-json\/wp\/v2\/tags?post=13268"}],"curies":[{"name":"wp","href":"https:\/\/api.w.org\/{rel}","templated":true}]}}