{"id":13271,"date":"2019-07-09T23:10:24","date_gmt":"2019-07-09T23:10:24","guid":{"rendered":"http:\/\/blogdorogeriogomes.com.br\/?p=13271"},"modified":"2019-07-09T23:10:24","modified_gmt":"2019-07-09T23:10:24","slug":"camara-municipal-de-fortaleza-deve-lancar-edital-para-concurso-publico-nos-proximos-dias","status":"publish","type":"post","link":"https:\/\/blogdorogeriogomes.com.br\/noticias\/2019\/07\/camara-municipal-de-fortaleza-deve-lancar-edital-para-concurso-publico-nos-proximos-dias\/","title":{"rendered":"C\u00e2mara Municipal de Fortaleza deve lan\u00e7ar edital para concurso p\u00fablico nos pr\u00f3ximos dias"},"content":{"rendered":"<p><em><\/em><img loading=\"lazy\" decoding=\"async\" class=\"alignnone size-medium wp-image-13272\" src=\"http:\/\/blogdorogeriogomes.com.br\/wp-content\/uploads\/2019\/07\/IMG_20190709_183308_376-300x171.jpg\" alt=\"IMG_20190709_183308_376\" width=\"300\" height=\"171\" srcset=\"https:\/\/blogdorogeriogomes.com.br\/noticias\/wp-content\/uploads\/2019\/07\/IMG_20190709_183308_376-300x171.jpg 300w, https:\/\/blogdorogeriogomes.com.br\/noticias\/wp-content\/uploads\/2019\/07\/IMG_20190709_183308_376.jpg 394w\" sizes=\"auto, (max-width: 300px) 100vw, 300px\" \/><\/p>\n<p>O concurso p\u00fablico para a C\u00e2mara Municipal de Fortaleza deve ter o edital lan\u00e7ado nos pr\u00f3ximos dias. Ser\u00e1 o primeiro concurso da Casa que tem hoje cerca de dois mil servidores, a maioria em cargos comissionados.<br \/>\nO presidente da C\u00e2mara, Ant\u00f4nio Henrique (PDT), j\u00e1 autorizou a contrata\u00e7\u00e3o da Funda\u00e7\u00e3o Carlos Chagas (FCC) para executar o concurso p\u00fablico, incluindo a contrata\u00e7\u00e3o de todo o pessoal respons\u00e1vel pela elabora\u00e7\u00e3o, impress\u00e3o e aplica\u00e7\u00e3o de provas para o preenchimento das vagas para o quadro de servidores.<br \/>\nO Minist\u00e9rio P\u00fablico do Estado j\u00e1 havia orientado a C\u00e2mara a realizar o concurso p\u00fablico no prazo de tr\u00eas meses, em fevereiro passado.<\/p>\n","protected":false},"excerpt":{"rendered":"<p>O concurso p\u00fablico para a C\u00e2mara Municipal de Fortaleza deve ter o edital lan\u00e7ado nos pr\u00f3ximos dias. Ser\u00e1 o primeiro concurso da Casa que tem hoje cerca de dois mil servidores, a maioria em cargos comissionados. O presidente da C\u00e2mara, Ant\u00f4nio Henrique (PDT), j\u00e1 autorizou a contrata\u00e7\u00e3o da Funda\u00e7\u00e3o Carlos Chagas (FCC) para executar o concurso p\u00fablico, incluindo a contrata\u00e7\u00e3o de todo o pessoal respons\u00e1vel pela elabora\u00e7\u00e3o, impress\u00e3o e aplica\u00e7\u00e3o de provas para o preenchimento das vagas para o&hellip;<\/p>\n","protected":false},"author":1,"featured_media":0,"comment_status":"open","ping_status":"open","sticky":false,"template":"","format":"standard","meta":{"footnotes":""},"categories":[1],"tags":[],"class_list":["post-13271","post","type-post","status-publish","format-standard","hentry","category-noticias"],"_links":{"self":[{"href":"https:\/\/blogdorogeriogomes.com.br\/noticias\/wp-json\/wp\/v2\/posts\/13271","targetHints":{"allow":["GET"]}}],"collection":[{"href":"https:\/\/blogdorogeriogomes.com.br\/noticias\/wp-json\/wp\/v2\/posts"}],"about":[{"href":"https:\/\/blogdorogeriogomes.com.br\/noticias\/wp-json\/wp\/v2\/types\/post"}],"author":[{"embeddable":true,"href":"https:\/\/blogdorogeriogomes.com.br\/noticias\/wp-json\/wp\/v2\/users\/1"}],"replies":[{"embeddable":true,"href":"https:\/\/blogdorogeriogomes.com.br\/noticias\/wp-json\/wp\/v2\/comments?post=13271"}],"version-history":[{"count":1,"href":"https:\/\/blogdorogeriogomes.com.br\/noticias\/wp-json\/wp\/v2\/posts\/13271\/revisions"}],"predecessor-version":[{"id":13273,"href":"https:\/\/blogdorogeriogomes.com.br\/noticias\/wp-json\/wp\/v2\/posts\/13271\/revisions\/13273"}],"wp:attachment":[{"href":"https:\/\/blogdorogeriogomes.com.br\/noticias\/wp-json\/wp\/v2\/media?parent=13271"}],"wp:term":[{"taxonomy":"category","embeddable":true,"href":"https:\/\/blogdorogeriogomes.com.br\/noticias\/wp-json\/wp\/v2\/categories?post=13271"},{"taxonomy":"post_tag","embeddable":true,"href":"https:\/\/blogdorogeriogomes.com.br\/noticias\/wp-json\/wp\/v2\/tags?post=13271"}],"curies":[{"name":"wp","href":"https:\/\/api.w.org\/{rel}","templated":true}]}}