{"id":13277,"date":"2019-07-10T08:25:12","date_gmt":"2019-07-10T08:25:12","guid":{"rendered":"http:\/\/blogdorogeriogomes.com.br\/?p=13277"},"modified":"2019-07-10T08:25:12","modified_gmt":"2019-07-10T08:25:12","slug":"tjce-autoriza-a-volta-do-reajuste-da-agua-pela-cagece","status":"publish","type":"post","link":"https:\/\/blogdorogeriogomes.com.br\/noticias\/2019\/07\/tjce-autoriza-a-volta-do-reajuste-da-agua-pela-cagece\/","title":{"rendered":"TJCE autoriza a volta do reajuste da \u00e1gua pela Cagece"},"content":{"rendered":"<p><img loading=\"lazy\" decoding=\"async\" class=\"alignnone size-medium wp-image-13278\" src=\"http:\/\/blogdorogeriogomes.com.br\/wp-content\/uploads\/2019\/07\/IMG_20190710_051950_874-300x199.jpg\" alt=\"IMG_20190710_051950_874\" width=\"300\" height=\"199\" srcset=\"https:\/\/blogdorogeriogomes.com.br\/noticias\/wp-content\/uploads\/2019\/07\/IMG_20190710_051950_874-300x199.jpg 300w, https:\/\/blogdorogeriogomes.com.br\/noticias\/wp-content\/uploads\/2019\/07\/IMG_20190710_051950_874.jpg 679w\" sizes=\"auto, (max-width: 300px) 100vw, 300px\" \/><\/p>\n<p>Ap\u00f3s A\u00e7\u00e3o Civil P\u00fablica movida pela OAB Cear\u00e1, que suspendeu temporariamente o aumento na tarifa da \u00e1gua no Estado, o Tribunal de Justi\u00e7a do Cear\u00e1 (TJCE) determinou que a Companhia de \u00c1gua e Esgoto do Cear\u00e1 (Cagece) deve permanecer com o reajuste de 15,86% na tarifa m\u00e9dia de \u00e1gua e esgoto.<br \/>\nEm fevereiro deste ano, a Cagece prop\u00f4s reajuste de 15,86%, que entrou em vigor no dia 24 de mar\u00e7o, autorizado pela Ag\u00eancia Reguladora do Estado do Cear\u00e1 (Arce). Desde a mudan\u00e7a, o metro c\u00fabico passou de R$ 3,55 para R$ 4,11. Isso representa 5,5 vezes o valor da infla\u00e7\u00e3o oficial de Fortaleza no ano passado.<br \/>\nEm junho deste ano, a Ordem dos Advogados do Brasil no Cear\u00e1 expediu uma A\u00e7\u00e3o Civil P\u00fablica para rever o percentual para 4,31%, mais pr\u00f3ximo ao \u00edndice inflacion\u00e1rio acumulado em 12 meses, entre julho de 2017 e junho de 2018 (4,39%). Ap\u00f3s o an\u00fancio da A\u00e7\u00e3o Civil P\u00fablica neste per\u00edodo, a Justi\u00e7a decidiu que o reajuste de 15,86% ficou suspenso. Agora, o percentual voltou a valer.<\/p>\n","protected":false},"excerpt":{"rendered":"<p>Ap\u00f3s A\u00e7\u00e3o Civil P\u00fablica movida pela OAB Cear\u00e1, que suspendeu temporariamente o aumento na tarifa da \u00e1gua no Estado, o Tribunal de Justi\u00e7a do Cear\u00e1 (TJCE) determinou que a Companhia de \u00c1gua e Esgoto do Cear\u00e1 (Cagece) deve permanecer com o reajuste de 15,86% na tarifa m\u00e9dia de \u00e1gua e esgoto. Em fevereiro deste ano, a Cagece prop\u00f4s reajuste de 15,86%, que entrou em vigor no dia 24 de mar\u00e7o, autorizado pela Ag\u00eancia Reguladora do Estado do Cear\u00e1 (Arce).&hellip;<\/p>\n","protected":false},"author":1,"featured_media":0,"comment_status":"open","ping_status":"open","sticky":false,"template":"","format":"standard","meta":{"footnotes":""},"categories":[1],"tags":[],"class_list":["post-13277","post","type-post","status-publish","format-standard","hentry","category-noticias"],"_links":{"self":[{"href":"https:\/\/blogdorogeriogomes.com.br\/noticias\/wp-json\/wp\/v2\/posts\/13277","targetHints":{"allow":["GET"]}}],"collection":[{"href":"https:\/\/blogdorogeriogomes.com.br\/noticias\/wp-json\/wp\/v2\/posts"}],"about":[{"href":"https:\/\/blogdorogeriogomes.com.br\/noticias\/wp-json\/wp\/v2\/types\/post"}],"author":[{"embeddable":true,"href":"https:\/\/blogdorogeriogomes.com.br\/noticias\/wp-json\/wp\/v2\/users\/1"}],"replies":[{"embeddable":true,"href":"https:\/\/blogdorogeriogomes.com.br\/noticias\/wp-json\/wp\/v2\/comments?post=13277"}],"version-history":[{"count":1,"href":"https:\/\/blogdorogeriogomes.com.br\/noticias\/wp-json\/wp\/v2\/posts\/13277\/revisions"}],"predecessor-version":[{"id":13279,"href":"https:\/\/blogdorogeriogomes.com.br\/noticias\/wp-json\/wp\/v2\/posts\/13277\/revisions\/13279"}],"wp:attachment":[{"href":"https:\/\/blogdorogeriogomes.com.br\/noticias\/wp-json\/wp\/v2\/media?parent=13277"}],"wp:term":[{"taxonomy":"category","embeddable":true,"href":"https:\/\/blogdorogeriogomes.com.br\/noticias\/wp-json\/wp\/v2\/categories?post=13277"},{"taxonomy":"post_tag","embeddable":true,"href":"https:\/\/blogdorogeriogomes.com.br\/noticias\/wp-json\/wp\/v2\/tags?post=13277"}],"curies":[{"name":"wp","href":"https:\/\/api.w.org\/{rel}","templated":true}]}}