{"id":13280,"date":"2019-07-10T08:48:32","date_gmt":"2019-07-10T08:48:32","guid":{"rendered":"http:\/\/blogdorogeriogomes.com.br\/?p=13280"},"modified":"2019-07-10T08:48:32","modified_gmt":"2019-07-10T08:48:32","slug":"debate-sobre-reforma-da-previdencia-entrou-pela-madrugada-e-votacao-deve-acontecer-nesta-quarta-feira","status":"publish","type":"post","link":"https:\/\/blogdorogeriogomes.com.br\/noticias\/2019\/07\/debate-sobre-reforma-da-previdencia-entrou-pela-madrugada-e-votacao-deve-acontecer-nesta-quarta-feira\/","title":{"rendered":"Debate sobre reforma da Previd\u00eancia entrou pela madrugada e vota\u00e7\u00e3o deve acontecer nesta quarta-feira"},"content":{"rendered":"<p><img loading=\"lazy\" decoding=\"async\" class=\"alignnone size-medium wp-image-13281\" src=\"http:\/\/blogdorogeriogomes.com.br\/wp-content\/uploads\/2019\/07\/IMG_20190710_054311_104-300x169.jpg\" alt=\"IMG_20190710_054311_104\" width=\"300\" height=\"169\" srcset=\"https:\/\/blogdorogeriogomes.com.br\/noticias\/wp-content\/uploads\/2019\/07\/IMG_20190710_054311_104-300x169.jpg 300w, https:\/\/blogdorogeriogomes.com.br\/noticias\/wp-content\/uploads\/2019\/07\/IMG_20190710_054311_104.jpg 660w\" sizes=\"auto, (max-width: 300px) 100vw, 300px\" \/><\/p>\n<p>Depois de muita discuss\u00e3o entre deputados da base do Governo e da oposi\u00e7\u00e3o, a C\u00e2mara dos Deputados encerrou a fase de discuss\u00e3o da reforma da Previd\u00eancia na madrugada desta quarta-feira, dia 10 de julho. Um requerimento neste sentido, apresentado pela maioria, foi aprovado pelo plen\u00e1rio da Casa por 353 votos a 118. Com a conclus\u00e3o dessa etapa, a vota\u00e7\u00e3o do texto-base da proposta, em primeiro turno, come\u00e7a nesta quarta de manh\u00e3, em sess\u00e3o marcada para iniciar na parte da manh\u00e3.<br \/>\nO Governo Bolsonaro pressiona deputados para votar a favor da reforma e liberou R$ 1,13 bilh\u00e3o em emendas parlamentares voltadas para a \u00e1rea da sa\u00fade. A decis\u00e3o est\u00e1 formalizada em 37 portarias editadas na ter\u00e7a-feira \u00e0 noite em duas edi\u00e7\u00f5es extraordin\u00e1rias do Di\u00e1rio Oficial da Uni\u00e3o (DOU) publicadas com data da segunda-feira.<br \/>\nCada deputado tem direito a R$ 15,4 milh\u00f5es de emendas individuais, que s\u00e3o impositivas. O governo teria prometido um extra de R$ 20 milh\u00f5es para cada parlamentar que votar favoravelmente ao texto.<br \/>\nPT e PSOL acusam o Governo de comprar votos e por crime de improbidade administrativa. \u201cEstamos entrando com um mandado de seguran\u00e7a no Supremo Tribunal Federal&#8221;, disse o deputado federal Marcelo Freixo (PSOL-RJ).<\/p>\n","protected":false},"excerpt":{"rendered":"<p>Depois de muita discuss\u00e3o entre deputados da base do Governo e da oposi\u00e7\u00e3o, a C\u00e2mara dos Deputados encerrou a fase de discuss\u00e3o da reforma da Previd\u00eancia na madrugada desta quarta-feira, dia 10 de julho. Um requerimento neste sentido, apresentado pela maioria, foi aprovado pelo plen\u00e1rio da Casa por 353 votos a 118. Com a conclus\u00e3o dessa etapa, a vota\u00e7\u00e3o do texto-base da proposta, em primeiro turno, come\u00e7a nesta quarta de manh\u00e3, em sess\u00e3o marcada para iniciar na parte da&hellip;<\/p>\n","protected":false},"author":1,"featured_media":0,"comment_status":"open","ping_status":"open","sticky":false,"template":"","format":"standard","meta":{"footnotes":""},"categories":[1],"tags":[],"class_list":["post-13280","post","type-post","status-publish","format-standard","hentry","category-noticias"],"_links":{"self":[{"href":"https:\/\/blogdorogeriogomes.com.br\/noticias\/wp-json\/wp\/v2\/posts\/13280","targetHints":{"allow":["GET"]}}],"collection":[{"href":"https:\/\/blogdorogeriogomes.com.br\/noticias\/wp-json\/wp\/v2\/posts"}],"about":[{"href":"https:\/\/blogdorogeriogomes.com.br\/noticias\/wp-json\/wp\/v2\/types\/post"}],"author":[{"embeddable":true,"href":"https:\/\/blogdorogeriogomes.com.br\/noticias\/wp-json\/wp\/v2\/users\/1"}],"replies":[{"embeddable":true,"href":"https:\/\/blogdorogeriogomes.com.br\/noticias\/wp-json\/wp\/v2\/comments?post=13280"}],"version-history":[{"count":1,"href":"https:\/\/blogdorogeriogomes.com.br\/noticias\/wp-json\/wp\/v2\/posts\/13280\/revisions"}],"predecessor-version":[{"id":13282,"href":"https:\/\/blogdorogeriogomes.com.br\/noticias\/wp-json\/wp\/v2\/posts\/13280\/revisions\/13282"}],"wp:attachment":[{"href":"https:\/\/blogdorogeriogomes.com.br\/noticias\/wp-json\/wp\/v2\/media?parent=13280"}],"wp:term":[{"taxonomy":"category","embeddable":true,"href":"https:\/\/blogdorogeriogomes.com.br\/noticias\/wp-json\/wp\/v2\/categories?post=13280"},{"taxonomy":"post_tag","embeddable":true,"href":"https:\/\/blogdorogeriogomes.com.br\/noticias\/wp-json\/wp\/v2\/tags?post=13280"}],"curies":[{"name":"wp","href":"https:\/\/api.w.org\/{rel}","templated":true}]}}