{"id":13283,"date":"2019-07-10T11:56:24","date_gmt":"2019-07-10T11:56:24","guid":{"rendered":"http:\/\/blogdorogeriogomes.com.br\/?p=13283"},"modified":"2019-07-10T11:56:24","modified_gmt":"2019-07-10T11:56:24","slug":"ciro-gomes-aponta-que-classe-mais-pobre-vai-pagar-pela-reforma-da-previdencia","status":"publish","type":"post","link":"https:\/\/blogdorogeriogomes.com.br\/noticias\/2019\/07\/ciro-gomes-aponta-que-classe-mais-pobre-vai-pagar-pela-reforma-da-previdencia\/","title":{"rendered":"Ciro Gomes aponta que classe mais pobre vai pagar pela reforma da Previd\u00eancia"},"content":{"rendered":"<p><img loading=\"lazy\" decoding=\"async\" class=\"alignnone size-medium wp-image-13284\" src=\"http:\/\/blogdorogeriogomes.com.br\/wp-content\/uploads\/2019\/07\/IMG_20190710_085322_727-300x210.jpg\" alt=\"IMG_20190710_085322_727\" width=\"300\" height=\"210\" srcset=\"https:\/\/blogdorogeriogomes.com.br\/noticias\/wp-content\/uploads\/2019\/07\/IMG_20190710_085322_727-300x210.jpg 300w, https:\/\/blogdorogeriogomes.com.br\/noticias\/wp-content\/uploads\/2019\/07\/IMG_20190710_085322_727.jpg 647w\" sizes=\"auto, (max-width: 300px) 100vw, 300px\" \/><\/p>\n<p>O ex-ministro Ciro Gomes (PDT) refor\u00e7a que a reforma da Previd\u00eancia, proposta pelo Governo Federal, afetar\u00e1 principalmente os mais pobres e a classe m\u00e9dia. Em uma s\u00e9rie de de tweets, publicada nesta ter\u00e7a-feira, dia 9 de julho, ele enumera os motivos para ser contra:<br \/>\n\u201c1. De cada 100 reais de sacrif\u00edcio , 83 reais s\u00e3o cobrados de quem ganha at\u00e9 2 mil reais;<br \/>\n2. A aposentadoria passa a ser calculada sobre todos os sal\u00e1rios que o trabalhador teve ao longo da vida e n\u00e3o mais sobre os 80% maiores \u2013 a perda para os aposentados ser\u00e1 de 13%;<br \/>\n3.A combina\u00e7\u00e3o de idade m\u00ednima com tempo de contribui\u00e7\u00e3o de 40 anos na pr\u00e1tica levar\u00e1 os pobres a N\u00c3O TER MAIS APOSENTADORIA: em 40 anos o trabalhador fica ao menos 8 anos sem carteira assinada (IBGE) assim, para ter a aposentadoria integral teria que trabalhar at\u00e9 os 73 anos pelo menos (soma da idade m\u00ednima com mais 8 anos de contribui\u00e7\u00e3o adicionais);<br \/>\n4. Em nenhum lugar do mundo civilizado um professor ou um policial trabalham 40 anos para se aposentar;<br \/>\n5. Os militares custam 47 bilh\u00f5es de reais por ano e contribuem com 3 bilh\u00f5es de reais, 99% dos militares se aposentam com 55 anos\u201d.<br \/>\nEm tempo: o PDT fechou quest\u00e3o de votar contra o projeto da reforma da Previd\u00eancia, na C\u00e2mara Federal. A dire\u00e7\u00e3o nacional do partido amea\u00e7a expulsar a deputada federal Tabata Amaral (PDT) se ela insistir em votar favor\u00e1vel \u00e0 proposta.<\/p>\n","protected":false},"excerpt":{"rendered":"<p>O ex-ministro Ciro Gomes (PDT) refor\u00e7a que a reforma da Previd\u00eancia, proposta pelo Governo Federal, afetar\u00e1 principalmente os mais pobres e a classe m\u00e9dia. Em uma s\u00e9rie de de tweets, publicada nesta ter\u00e7a-feira, dia 9 de julho, ele enumera os motivos para ser contra: \u201c1. De cada 100 reais de sacrif\u00edcio , 83 reais s\u00e3o cobrados de quem ganha at\u00e9 2 mil reais; 2. A aposentadoria passa a ser calculada sobre todos os sal\u00e1rios que o trabalhador teve ao&hellip;<\/p>\n","protected":false},"author":1,"featured_media":0,"comment_status":"open","ping_status":"open","sticky":false,"template":"","format":"standard","meta":{"footnotes":""},"categories":[1],"tags":[],"class_list":["post-13283","post","type-post","status-publish","format-standard","hentry","category-noticias"],"_links":{"self":[{"href":"https:\/\/blogdorogeriogomes.com.br\/noticias\/wp-json\/wp\/v2\/posts\/13283","targetHints":{"allow":["GET"]}}],"collection":[{"href":"https:\/\/blogdorogeriogomes.com.br\/noticias\/wp-json\/wp\/v2\/posts"}],"about":[{"href":"https:\/\/blogdorogeriogomes.com.br\/noticias\/wp-json\/wp\/v2\/types\/post"}],"author":[{"embeddable":true,"href":"https:\/\/blogdorogeriogomes.com.br\/noticias\/wp-json\/wp\/v2\/users\/1"}],"replies":[{"embeddable":true,"href":"https:\/\/blogdorogeriogomes.com.br\/noticias\/wp-json\/wp\/v2\/comments?post=13283"}],"version-history":[{"count":1,"href":"https:\/\/blogdorogeriogomes.com.br\/noticias\/wp-json\/wp\/v2\/posts\/13283\/revisions"}],"predecessor-version":[{"id":13285,"href":"https:\/\/blogdorogeriogomes.com.br\/noticias\/wp-json\/wp\/v2\/posts\/13283\/revisions\/13285"}],"wp:attachment":[{"href":"https:\/\/blogdorogeriogomes.com.br\/noticias\/wp-json\/wp\/v2\/media?parent=13283"}],"wp:term":[{"taxonomy":"category","embeddable":true,"href":"https:\/\/blogdorogeriogomes.com.br\/noticias\/wp-json\/wp\/v2\/categories?post=13283"},{"taxonomy":"post_tag","embeddable":true,"href":"https:\/\/blogdorogeriogomes.com.br\/noticias\/wp-json\/wp\/v2\/tags?post=13283"}],"curies":[{"name":"wp","href":"https:\/\/api.w.org\/{rel}","templated":true}]}}