{"id":13286,"date":"2019-07-10T23:32:52","date_gmt":"2019-07-10T23:32:52","guid":{"rendered":"http:\/\/blogdorogeriogomes.com.br\/?p=13286"},"modified":"2019-07-10T23:32:52","modified_gmt":"2019-07-10T23:32:52","slug":"al-aprova-criacao-de-distritos-turisticos-e-repasse-de-imoveis-estaduais-para-iniciativa-privada","status":"publish","type":"post","link":"https:\/\/blogdorogeriogomes.com.br\/noticias\/2019\/07\/al-aprova-criacao-de-distritos-turisticos-e-repasse-de-imoveis-estaduais-para-iniciativa-privada\/","title":{"rendered":"AL aprova cria\u00e7\u00e3o de distritos tur\u00edsticos e repasse de im\u00f3veis estaduais para iniciativa privada"},"content":{"rendered":"<p><img loading=\"lazy\" decoding=\"async\" class=\"alignnone size-medium wp-image-13287\" src=\"http:\/\/blogdorogeriogomes.com.br\/wp-content\/uploads\/2019\/07\/IMG_20190710_202816_737-300x200.jpg\" alt=\"IMG_20190710_202816_737\" width=\"300\" height=\"200\" srcset=\"https:\/\/blogdorogeriogomes.com.br\/noticias\/wp-content\/uploads\/2019\/07\/IMG_20190710_202816_737-300x200.jpg 300w, https:\/\/blogdorogeriogomes.com.br\/noticias\/wp-content\/uploads\/2019\/07\/IMG_20190710_202816_737.jpg 400w\" sizes=\"auto, (max-width: 300px) 100vw, 300px\" \/><\/p>\n<p>A Assembleia Legislativa do Cear\u00e1 aprovou nesta quarta-feira, dia 10 de julho, 22 projetos de lei, sendo sete de autoria do Poder Executivo, 10 de parlamentares, um projeto de lei complementar e quatro projetos de indica\u00e7\u00e3o de deputados. Um deles disp\u00f5e sobre a cria\u00e7\u00e3o de Distritos Tur\u00edsticos no Estado do Cear\u00e1. O projeto trata tamb\u00e9m da cria\u00e7\u00e3o do Distrito Tur\u00edstico de Jericoacoara, localizado no munic\u00edpio de Jijoca de Jericoacoara.<br \/>\nOutro projeto aprovado nesta quarta-feira autoriza o repasse de im\u00f3veis, pertencentes ao Estado, para a iniciativa privada. S\u00e3o eles: a antiga sede do Instituto Pres\u00eddio Professor Olavo Oliveira IPPOO I, Parque de Exposi\u00e7\u00f5es Governador C\u00e9sar Cals, Sede da Cavalaria, Superintend\u00eancia Estadual do Meio Ambiente do Cear\u00e1 (Semace), Centro Administrativo B\u00e1rbara de Alencar, Sede da Secretaria Estadual do Meio Ambiente, Sede da Secretaria de Seguran\u00e7a P\u00fablica do Estado, Minist\u00e9rio P\u00fablico Estadual e Aut\u00f3dromo Internacional Virg\u00edlio T\u00e1vora.<br \/>\nEm tempo: o presidente da Assembleia Legislativa, Jos\u00e9 Sarto assume interinamente Governo do Cear\u00e1 nesta quinta-feira, dia 11 de julho. Terceiro nome na linha sucess\u00f3ria, Sarto deve permanecer como governador em exerc\u00edcio at\u00e9 o pr\u00f3ximo dia 17, quando o governador Camilo Santana reassume o cargo. J\u00e1 o primeiro vice-presidente da Assembleia, deputado Fernando Santana (PT), fica interinamente \u00e0 frente da AL.<\/p>\n","protected":false},"excerpt":{"rendered":"<p>A Assembleia Legislativa do Cear\u00e1 aprovou nesta quarta-feira, dia 10 de julho, 22 projetos de lei, sendo sete de autoria do Poder Executivo, 10 de parlamentares, um projeto de lei complementar e quatro projetos de indica\u00e7\u00e3o de deputados. Um deles disp\u00f5e sobre a cria\u00e7\u00e3o de Distritos Tur\u00edsticos no Estado do Cear\u00e1. O projeto trata tamb\u00e9m da cria\u00e7\u00e3o do Distrito Tur\u00edstico de Jericoacoara, localizado no munic\u00edpio de Jijoca de Jericoacoara. Outro projeto aprovado nesta quarta-feira autoriza o repasse de im\u00f3veis,&hellip;<\/p>\n","protected":false},"author":1,"featured_media":0,"comment_status":"open","ping_status":"open","sticky":false,"template":"","format":"standard","meta":{"footnotes":""},"categories":[1],"tags":[],"class_list":["post-13286","post","type-post","status-publish","format-standard","hentry","category-noticias"],"_links":{"self":[{"href":"https:\/\/blogdorogeriogomes.com.br\/noticias\/wp-json\/wp\/v2\/posts\/13286","targetHints":{"allow":["GET"]}}],"collection":[{"href":"https:\/\/blogdorogeriogomes.com.br\/noticias\/wp-json\/wp\/v2\/posts"}],"about":[{"href":"https:\/\/blogdorogeriogomes.com.br\/noticias\/wp-json\/wp\/v2\/types\/post"}],"author":[{"embeddable":true,"href":"https:\/\/blogdorogeriogomes.com.br\/noticias\/wp-json\/wp\/v2\/users\/1"}],"replies":[{"embeddable":true,"href":"https:\/\/blogdorogeriogomes.com.br\/noticias\/wp-json\/wp\/v2\/comments?post=13286"}],"version-history":[{"count":1,"href":"https:\/\/blogdorogeriogomes.com.br\/noticias\/wp-json\/wp\/v2\/posts\/13286\/revisions"}],"predecessor-version":[{"id":13288,"href":"https:\/\/blogdorogeriogomes.com.br\/noticias\/wp-json\/wp\/v2\/posts\/13286\/revisions\/13288"}],"wp:attachment":[{"href":"https:\/\/blogdorogeriogomes.com.br\/noticias\/wp-json\/wp\/v2\/media?parent=13286"}],"wp:term":[{"taxonomy":"category","embeddable":true,"href":"https:\/\/blogdorogeriogomes.com.br\/noticias\/wp-json\/wp\/v2\/categories?post=13286"},{"taxonomy":"post_tag","embeddable":true,"href":"https:\/\/blogdorogeriogomes.com.br\/noticias\/wp-json\/wp\/v2\/tags?post=13286"}],"curies":[{"name":"wp","href":"https:\/\/api.w.org\/{rel}","templated":true}]}}