{"id":13289,"date":"2019-07-11T09:09:54","date_gmt":"2019-07-11T09:09:54","guid":{"rendered":"http:\/\/blogdorogeriogomes.com.br\/?p=13289"},"modified":"2019-07-11T09:09:54","modified_gmt":"2019-07-11T09:09:54","slug":"camara-aprova-reforma-da-previdencia-em-primeiro-turno-sob-o-comando-de-rodrigo-maia","status":"publish","type":"post","link":"https:\/\/blogdorogeriogomes.com.br\/noticias\/2019\/07\/camara-aprova-reforma-da-previdencia-em-primeiro-turno-sob-o-comando-de-rodrigo-maia\/","title":{"rendered":"C\u00e2mara aprova reforma da Previd\u00eancia em primeiro turno, sob o comando de Rodrigo Maia"},"content":{"rendered":"<p><img loading=\"lazy\" decoding=\"async\" class=\"alignnone size-medium wp-image-13290\" src=\"http:\/\/blogdorogeriogomes.com.br\/wp-content\/uploads\/2019\/07\/IMG_20190711_060534_808-300x183.jpg\" alt=\"IMG_20190711_060534_808\" width=\"300\" height=\"183\" srcset=\"https:\/\/blogdorogeriogomes.com.br\/noticias\/wp-content\/uploads\/2019\/07\/IMG_20190711_060534_808-300x183.jpg 300w, https:\/\/blogdorogeriogomes.com.br\/noticias\/wp-content\/uploads\/2019\/07\/IMG_20190711_060534_808.jpg 610w\" sizes=\"auto, (max-width: 300px) 100vw, 300px\" \/><\/p>\n<p>Sob o comando do presidente da C\u00e2mara dos Deputados, Rodrigo Maia, a reforma da Previd\u00eancia passou em primeiro turno, nesta quarta-feira, dia 10 de julho. O placar foi de 379 votos a favor e 131 contra. Eram necess\u00e1rios pelo menos 308 votos para aprovar o texto. Vit\u00f3ria para o Governo Bolsonaro e derrota para os partidos de oposi\u00e7\u00e3o.<br \/>\nAlgumas categorias como os militares conseguiram regras mais brandas. O destaque que tratava de mudan\u00e7as nas regras de aposentadoria dos professores foi rejeitado.<br \/>\nVeio dos deputados do chamado Centr\u00e3o, a maioria bem representativa para aprova\u00e7\u00e3o da reforma da Previd\u00eancia em primeiro turno. Parlamentares que foram bem contemplados pelo Governo Federal com libera\u00e7\u00e3o, de \u00faltima hora, de emendas que v\u00e3o garantir o \u201cagrado\u201d do eleitorado. Bolsonaro tanto pregou o fim do \u201ctoma l\u00e1 d\u00e1 c\u00e1\u201d que, no fim das contas, acabou mais uma vez decidindo a vota\u00e7\u00e3o.<br \/>\nOs pr\u00f3s e os contras da reforma na Previd\u00eancia s\u00f3 v\u00e3o ser sentidos pela popula\u00e7\u00e3o nos pr\u00f3ximos anos. Tem muita gente anestesiada e sem saber o que isso representa. O fato \u00e9 que o trabalhador do regime geral \u00e9 que vai pagar a maior conta. Ser\u00e1 o mais prejudicado. Os privilegiados continuar\u00e3o com os mesmos benef\u00edcios. O tempo vai mostrar a quem ainda tinha d\u00favida.<br \/>\nA bancada do Cear\u00e1 esteve dividida na vota\u00e7\u00e3o. E o registro hist\u00f3rico est\u00e1 a\u00ed pra quem deseja avaliar a escolha do seu deputado federal:<\/p>\n<p>Votaram sim<br \/>\nHeitor Freire (PSL)<br \/>\nGenecias Noronha (SD)<br \/>\nJaziel Pereira (PL)<br \/>\nVaidon Oliveira (Pros)<br \/>\nJunior Mano (PL)<br \/>\nAn\u00edbal Gomes (DEM)<br \/>\nAJ Albuquerque (PP)<br \/>\nPedro Augusto Bezerra (PTB)<br \/>\nDomingos Neto (PSD)<br \/>\nRoberto Pessoa (PSDB)<br \/>\nMoses Rodrigues (MDB)<\/p>\n<p>Votatam n\u00e3o<br \/>\nAndr\u00e9 Figueiredo (PDT)<br \/>\nLe\u00f4nidas Cristino (PDT)<br \/>\nIdilvan Alencar (PDT)<br \/>\nEduardo Bismarck (PDT)<br \/>\nRob\u00e9rio Monteiro (PDT)<br \/>\nJos\u00e9 Guimar\u00e3es (PT)<br \/>\nLuizianne Lins (PT)<br \/>\nJos\u00e9 Airton (PT)<br \/>\nC\u00e9lio Studart (PV)<br \/>\nDenis Bezerra (PSB)<br \/>\nCapit\u00e3o Wagner (Pros)<\/p>\n","protected":false},"excerpt":{"rendered":"<p>Sob o comando do presidente da C\u00e2mara dos Deputados, Rodrigo Maia, a reforma da Previd\u00eancia passou em primeiro turno, nesta quarta-feira, dia 10 de julho. O placar foi de 379 votos a favor e 131 contra. Eram necess\u00e1rios pelo menos 308 votos para aprovar o texto. Vit\u00f3ria para o Governo Bolsonaro e derrota para os partidos de oposi\u00e7\u00e3o. Algumas categorias como os militares conseguiram regras mais brandas. O destaque que tratava de mudan\u00e7as nas regras de aposentadoria dos professores&hellip;<\/p>\n","protected":false},"author":1,"featured_media":0,"comment_status":"open","ping_status":"open","sticky":false,"template":"","format":"standard","meta":{"footnotes":""},"categories":[1],"tags":[],"class_list":["post-13289","post","type-post","status-publish","format-standard","hentry","category-noticias"],"_links":{"self":[{"href":"https:\/\/blogdorogeriogomes.com.br\/noticias\/wp-json\/wp\/v2\/posts\/13289","targetHints":{"allow":["GET"]}}],"collection":[{"href":"https:\/\/blogdorogeriogomes.com.br\/noticias\/wp-json\/wp\/v2\/posts"}],"about":[{"href":"https:\/\/blogdorogeriogomes.com.br\/noticias\/wp-json\/wp\/v2\/types\/post"}],"author":[{"embeddable":true,"href":"https:\/\/blogdorogeriogomes.com.br\/noticias\/wp-json\/wp\/v2\/users\/1"}],"replies":[{"embeddable":true,"href":"https:\/\/blogdorogeriogomes.com.br\/noticias\/wp-json\/wp\/v2\/comments?post=13289"}],"version-history":[{"count":1,"href":"https:\/\/blogdorogeriogomes.com.br\/noticias\/wp-json\/wp\/v2\/posts\/13289\/revisions"}],"predecessor-version":[{"id":13291,"href":"https:\/\/blogdorogeriogomes.com.br\/noticias\/wp-json\/wp\/v2\/posts\/13289\/revisions\/13291"}],"wp:attachment":[{"href":"https:\/\/blogdorogeriogomes.com.br\/noticias\/wp-json\/wp\/v2\/media?parent=13289"}],"wp:term":[{"taxonomy":"category","embeddable":true,"href":"https:\/\/blogdorogeriogomes.com.br\/noticias\/wp-json\/wp\/v2\/categories?post=13289"},{"taxonomy":"post_tag","embeddable":true,"href":"https:\/\/blogdorogeriogomes.com.br\/noticias\/wp-json\/wp\/v2\/tags?post=13289"}],"curies":[{"name":"wp","href":"https:\/\/api.w.org\/{rel}","templated":true}]}}